{"id":2814,"date":"2019-01-10T16:45:51","date_gmt":"2019-01-10T16:45:51","guid":{"rendered":"http:\/\/www.fisiveneto.com\/?p=2814"},"modified":"2019-01-10T16:45:51","modified_gmt":"2019-01-10T16:45:51","slug":"una-gara-in-piu-in-ampezzo-cortin-recupera-la-discesa-di-sankt-anton","status":"publish","type":"post","link":"https:\/\/comitati.fisi.org\/veneto\/blog\/2019\/01\/10\/una-gara-in-piu-in-ampezzo-cortin-recupera-la-discesa-di-sankt-anton\/","title":{"rendered":"Una gara in pi\u00f9 in Ampezzo: Cortina recupera la discesa di Sankt Anton"},"content":{"rendered":"\n<p>\n\nLa ventisettesima edizione della Coppa del mondo femminile di Cortina d&#8217;Ampezzo comincia con una promozione sul campo per la localit\u00e0 ampezzana, come gi\u00e0 era successo lo scorso anno. Dopo la cancellazione per troppa neve delle gare femminili di St. Anton (Austria), previste per questo week-end, la Federazione Internazionale (Fis) ha chiesto alla Fondazione Cortina 2021 di poter recuperare una discesa libera nella giornata di venerd\u00ec e ampliare cos\u00ec il programma delle gare ampezzane. Verificate le ottime condizioni dell&#8217;Olympia e la fattibilit\u00e0 logistica in una settimana ricca di impegni per le atlete, Cortina ha risposto positivamente alle richieste della Federazione internazionale, accogliendo quindi una discesa in pi\u00f9 nel programma ufficiale.<br>Il nuovo programma prevede quindi: due prove cronometrate per gioved\u00ec 17, quindi la prima discesa venerd\u00ec 18, la seconda discesa sabato 19 e il superG conclusivo domenica 20.&nbsp;<br>Tra i motivi di interesse delle competizioni di Cortina figura in primo piano il rientro alle gare della superstar americana Lindsey Vonn, che aveva gi\u00e0 annunciato sul suo profilo Instagram di essere pronta per le gare austriache, e che ora sar\u00e0 intenzionata a scaricare tutta la sua potenza sulla rinnovata Olympia delle Tofane, la pista che l&#8217;ha gi\u00e0 vista trionfare per 12 volte in carriera (6 in discesa e 6 in superG) e che quest&#8217;anno le offre ben tre opportunit\u00e0 per avvicinarsi al record di 86 podi di Ingemar Stenmark, record che la 34enne campionessa vuole abbattere al pi\u00f9 presto, partendo dai suoi 82 successi attuali.<br>Non sar\u00e0 tutto semplice per la Vonn, vista la concorrenza di tante agguerrite avversarie, a partire dalla slovena Ilka Stuhec, dalle austriache Nicole Schmidhofer e Cornelia Huetter. In dubbio invece la presenza della campionessa olimpica della discesa, Sofia Goggia, che sta tornando sugli sci proprio in questi giorni, ma che difficilmente sar\u00e0 gi\u00e0 pronta per le gare sull&#8217;Olympia, che lo scorso anno le diedero un successo e il lancio verso l&#8217;oro olimpico di PyeongChang.\n\n<\/p>\n","protected":false},"excerpt":{"rendered":"<p>La ventisettesima edizione della Coppa del mondo femminile di Cortina d&#8217;Ampezzo comincia con una promozione sul campo per la localit\u00e0 ampezzana, come gi\u00e0 era successo lo scorso anno. Dopo la cancellazione per troppa neve delle gare femminili di St. Anton (Austria), previste per questo week-end, la Federazione Internazionale (Fis) ha chiesto alla Fondazione Cortina 2021 di poter recuperare una discesa&hellip;<\/p>\n","protected":false},"author":4,"featured_media":2403,"comment_status":"closed","ping_status":"open","sticky":false,"template":"","format":"standard","meta":{"_acf_changed":false,"footnotes":""},"categories":[1],"tags":[],"acf":[],"_links":{"self":[{"href":"https:\/\/comitati.fisi.org\/veneto\/wp-json\/wp\/v2\/posts\/2814"}],"collection":[{"href":"https:\/\/comitati.fisi.org\/veneto\/wp-json\/wp\/v2\/posts"}],"about":[{"href":"https:\/\/comitati.fisi.org\/veneto\/wp-json\/wp\/v2\/types\/post"}],"author":[{"embeddable":true,"href":"https:\/\/comitati.fisi.org\/veneto\/wp-json\/wp\/v2\/users\/4"}],"replies":[{"embeddable":true,"href":"https:\/\/comitati.fisi.org\/veneto\/wp-json\/wp\/v2\/comments?post=2814"}],"version-history":[{"count":0,"href":"https:\/\/comitati.fisi.org\/veneto\/wp-json\/wp\/v2\/posts\/2814\/revisions"}],"wp:featuredmedia":[{"embeddable":true,"href":"https:\/\/comitati.fisi.org\/veneto\/wp-json\/wp\/v2\/media\/2403"}],"wp:attachment":[{"href":"https:\/\/comitati.fisi.org\/veneto\/wp-json\/wp\/v2\/media?parent=2814"}],"wp:term":[{"taxonomy":"category","embeddable":true,"href":"https:\/\/comitati.fisi.org\/veneto\/wp-json\/wp\/v2\/categories?post=2814"},{"taxonomy":"post_tag","embeddable":true,"href":"https:\/\/comitati.fisi.org\/veneto\/wp-json\/wp\/v2\/tags?post=2814"}],"curies":[{"name":"wp","href":"https:\/\/api.w.org\/{rel}","templated":true}]}}