{"id":28061,"date":"2025-01-10T12:50:17","date_gmt":"2025-01-10T12:50:17","guid":{"rendered":"https:\/\/comitati.fisi.org\/veneto\/?p=28061"},"modified":"2025-01-10T12:51:15","modified_gmt":"2025-01-10T12:51:15","slug":"alpino-grande-veneto-oggi-a-pila","status":"publish","type":"post","link":"https:\/\/comitati.fisi.org\/veneto\/blog\/2025\/01\/10\/alpino-grande-veneto-oggi-a-pila\/","title":{"rendered":"Alpino, grande Veneto oggi a Pila"},"content":{"rendered":"\n<p>Oggi a Pila (Aosta) si \u00e8 disputata la prima delle due discese Fis, valide anche per il Grand Prix Italia Giovani Dicoflor, il circuito dedicato alle atlete della categorie under 21 e under 18 non inserite nelle squadre nazionali. Il Veneto \u00e8 stato brillantissimo: successo assoluto per Elena Dal Vecchio (<em>foto<\/em>), la trevigiana del Centro sportivo Esercito (ex Sci club Drusci\u00e9), secondo posto Giovani del Gran premio Italia per Gaia Viel (Sci club Drusci\u00e9)  terzo posto per Giulia Savorgnani (Ski College Veneto Falcade) e quarto per Sofia Colombo (Sci club Drusci\u00e9). La seconda discesa inizialmente prevista per oggi \u00e8 stata rimandata a domani.<\/p>\n\n\n\n<p><a href=\"https:\/\/www.fis-ski.com\/DB\/general\/event-details.html?sectorcode=AL&amp;eventid=56604&amp;seasoncode=2025\">CLASSIFICA<\/a><\/p>\n","protected":false},"excerpt":{"rendered":"<p>Successo per Elena Dal Vecchio, secondo posto Giovani del Gran premio Italia per Gaia Viel (Sci club Drusci\u00e9)  terzo posto per Giulia Savorgnani (Ski College Veneto Falcade) e quarto per Sofia Colombo (Sci club Drusci\u00e9).<\/p>\n","protected":false},"author":33,"featured_media":26445,"comment_status":"open","ping_status":"open","sticky":false,"template":"","format":"standard","meta":{"_acf_changed":false,"footnotes":""},"categories":[9,13,14,15,3,4,5,19,6],"tags":[190,242,982,147,25,374],"acf":[],"_links":{"self":[{"href":"https:\/\/comitati.fisi.org\/veneto\/wp-json\/wp\/v2\/posts\/28061"}],"collection":[{"href":"https:\/\/comitati.fisi.org\/veneto\/wp-json\/wp\/v2\/posts"}],"about":[{"href":"https:\/\/comitati.fisi.org\/veneto\/wp-json\/wp\/v2\/types\/post"}],"author":[{"embeddable":true,"href":"https:\/\/comitati.fisi.org\/veneto\/wp-json\/wp\/v2\/users\/33"}],"replies":[{"embeddable":true,"href":"https:\/\/comitati.fisi.org\/veneto\/wp-json\/wp\/v2\/comments?post=28061"}],"version-history":[{"count":1,"href":"https:\/\/comitati.fisi.org\/veneto\/wp-json\/wp\/v2\/posts\/28061\/revisions"}],"predecessor-version":[{"id":28062,"href":"https:\/\/comitati.fisi.org\/veneto\/wp-json\/wp\/v2\/posts\/28061\/revisions\/28062"}],"wp:featuredmedia":[{"embeddable":true,"href":"https:\/\/comitati.fisi.org\/veneto\/wp-json\/wp\/v2\/media\/26445"}],"wp:attachment":[{"href":"https:\/\/comitati.fisi.org\/veneto\/wp-json\/wp\/v2\/media?parent=28061"}],"wp:term":[{"taxonomy":"category","embeddable":true,"href":"https:\/\/comitati.fisi.org\/veneto\/wp-json\/wp\/v2\/categories?post=28061"},{"taxonomy":"post_tag","embeddable":true,"href":"https:\/\/comitati.fisi.org\/veneto\/wp-json\/wp\/v2\/tags?post=28061"}],"curies":[{"name":"wp","href":"https:\/\/api.w.org\/{rel}","templated":true}]}}