{"id":28033,"date":"2025-01-08T16:24:23","date_gmt":"2025-01-08T16:24:23","guid":{"rendered":"https:\/\/comitati.fisi.org\/veneto\/?p=28033"},"modified":"2025-01-09T19:38:31","modified_gmt":"2025-01-09T19:38:31","slug":"alpino-iniziati-i-lavori-in-pista-sulla-olympia-delle-tofane","status":"publish","type":"post","link":"https:\/\/comitati.fisi.org\/veneto\/blog\/2025\/01\/08\/alpino-iniziati-i-lavori-in-pista-sulla-olympia-delle-tofane\/","title":{"rendered":"Alpino, iniziati i lavori in pista sulla Olympia delle Tofane"},"content":{"rendered":"\n<p>Dopo il via libera da parte della FIS, la Federazione Internazionale dello Sci e dello Snowboard, che ha effettuato lo \u201csnow control\u201d nella giornata di domenica 5, marted\u00ec 7 gennaio a Cortina d\u2019Ampezzo&nbsp;<strong>sono iniziati i lavori per la preparazione dell\u2019Olympia delle Tofane, la pista che i prossimi 18 e 19 gennaio<\/strong>&nbsp;ospiter\u00e0 la<strong>&nbsp;Audi FIS Cortina Ski World Cup<\/strong>, uno degli eventi pi\u00f9 attesi per quanto riguarda la Coppa del mondo dello sci alpino femminile, ambito discipline veloci.<\/p>\n\n\n\n<p>Sono una cinquantina le persone che in queste ore stanno lavorando in vista dell\u2019appuntamento proposto da Fondazione Cortina che vedr\u00e0 le campionesse della velocit\u00e0 mondiale confrontarsi nella prima giornata in discesa, nella seconda in superG. A coordinarle, il direttore di gara,&nbsp;<strong>Matteo Gobbo<\/strong>.<\/p>\n\n\n\n<p>\u00ab<em>Ci avvaliamo del supporto della societ\u00e0 impianti&nbsp;<\/em><a href=\"https:\/\/fondazionecortina.us20.list-manage.com\/track\/click?u=74e7678810042ecfc19f96f9b&amp;id=099990186a&amp;e=398b03dda1\" target=\"_blank\" rel=\"noreferrer noopener\"><em>Ista<\/em><\/a><em>&nbsp;e di&nbsp;<\/em><a href=\"https:\/\/fondazionecortina.us20.list-manage.com\/track\/click?u=74e7678810042ecfc19f96f9b&amp;id=6e3e2381ce&amp;e=398b03dda1\" target=\"_blank\" rel=\"noreferrer noopener\"><em>Prinoth<\/em><\/a><em>, l\u2019azienda del Gruppo HTI, leader mondiale nell\u2019ambito delle tecnologie invernali, che ci fornisce i gatti, oltre che di&nbsp;<\/em><a href=\"https:\/\/fondazionecortina.us20.list-manage.com\/track\/click?u=74e7678810042ecfc19f96f9b&amp;id=f7b0006f24&amp;e=398b03dda1\" target=\"_blank\" rel=\"noreferrer noopener\"><em>Liski<\/em><\/a><em>, che provvede a reti e materassi<\/em>\u00bb spiega&nbsp;<strong>Gobbo<\/strong>.<\/p>\n\n\n\n<p>\u00ab<em>Abbiamo gi\u00e0 iniziato l\u2019installazione delle reti, nelle prossime ore provvederemo a fissarle, cos\u00ec come alla lavorazione dei profili della neve, Saremo supportati, come consuetudine, anche dal personale del Comando Truppe Alpine dell\u2019Esercito<\/em>\u00bb.<\/p>\n\n\n\n<p>Dopo la pausa legata alle festivit\u00e0 natalizie, sono ripresi anche i lavori alla finish area di Rumerlo. \u00ab<em>Nonostante il meteo non sia stato dei migliori in questo inizio di settimana, si \u00e8 lavorato regolarmente e tutto procede secondo il cronoprogramma<\/em>\u00bb dice&nbsp;<strong>Riccardo Alfar\u00e8<\/strong>, responsabile della logistica della zona arrivo. \u00ab<em>La finish area, dalle tribune al parterre, dalla Tofana Lounge alle strutture dedicate alle riprese televisive, sar\u00e0 pronta per la giornata di mercoled\u00ec 15<\/em>\u00bb.<\/p>\n\n\n\n<p>La Audi FIS Cortina Ski World Cup prender\u00e0 avvio, di fatto, gioved\u00ec 16 gennaio, con la prima prova cronometrata in vista della discesa. Venerd\u00ec 17 si svolger\u00e0 la seconda prova cronometrata mentre sabato 18 la discesa, con start della prima concorrente alle 11. Domenica, 19 gennaio, la seconda e conclusiva giornata, dedicata al superG. Anche in questo caso la prima partenza \u00e8 fissata per le 11.<\/p>\n\n\n\n<p>Per il pubblico, nei due giorni di gara alla finish area ci saranno animazione, musica e servizi di food&amp;beverage. Per assistere dal vivo alle competizioni si pu\u00f2 scegliere tra Parterre, Prosecco DOC Sparkling Corner e Tribuna. I biglietti per le diverse aree si possono acquistare sul sito\u00a0<a href=\"https:\/\/fondazionecortina.us20.list-manage.com\/track\/click?u=74e7678810042ecfc19f96f9b&amp;id=27d37be06e&amp;e=398b03dda1\" target=\"_blank\" rel=\"noreferrer noopener\">cortinaskiworldcup.com<\/a>.<\/p>\n\n\n\n<p>nota stampa Fondazione Cortina<\/p>\n","protected":false},"excerpt":{"rendered":"<p>A Cortina d&#8217;Ampezzo sono iniziati i lavori per la preparazione dell\u2019Olympia delle Tofane, la pista che i prossimi 18 e 19 gennaio\u00a0ospiter\u00e0 la\u00a0Audi FIS Cortina Ski World Cup, uno degli eventi pi\u00f9 attesi per quanto riguarda la Coppa del mondo dello sci alpino femminile, ambito discipline veloci.<\/p>\n","protected":false},"author":33,"featured_media":28035,"comment_status":"open","ping_status":"open","sticky":false,"template":"","format":"standard","meta":{"_acf_changed":false,"footnotes":""},"categories":[62,13,14,15,7,5],"tags":[],"acf":[],"_links":{"self":[{"href":"https:\/\/comitati.fisi.org\/veneto\/wp-json\/wp\/v2\/posts\/28033"}],"collection":[{"href":"https:\/\/comitati.fisi.org\/veneto\/wp-json\/wp\/v2\/posts"}],"about":[{"href":"https:\/\/comitati.fisi.org\/veneto\/wp-json\/wp\/v2\/types\/post"}],"author":[{"embeddable":true,"href":"https:\/\/comitati.fisi.org\/veneto\/wp-json\/wp\/v2\/users\/33"}],"replies":[{"embeddable":true,"href":"https:\/\/comitati.fisi.org\/veneto\/wp-json\/wp\/v2\/comments?post=28033"}],"version-history":[{"count":2,"href":"https:\/\/comitati.fisi.org\/veneto\/wp-json\/wp\/v2\/posts\/28033\/revisions"}],"predecessor-version":[{"id":28049,"href":"https:\/\/comitati.fisi.org\/veneto\/wp-json\/wp\/v2\/posts\/28033\/revisions\/28049"}],"wp:featuredmedia":[{"embeddable":true,"href":"https:\/\/comitati.fisi.org\/veneto\/wp-json\/wp\/v2\/media\/28035"}],"wp:attachment":[{"href":"https:\/\/comitati.fisi.org\/veneto\/wp-json\/wp\/v2\/media?parent=28033"}],"wp:term":[{"taxonomy":"category","embeddable":true,"href":"https:\/\/comitati.fisi.org\/veneto\/wp-json\/wp\/v2\/categories?post=28033"},{"taxonomy":"post_tag","embeddable":true,"href":"https:\/\/comitati.fisi.org\/veneto\/wp-json\/wp\/v2\/tags?post=28033"}],"curies":[{"name":"wp","href":"https:\/\/api.w.org\/{rel}","templated":true}]}}