{"id":28021,"date":"2025-01-08T07:28:36","date_gmt":"2025-01-08T07:28:36","guid":{"rendered":"https:\/\/comitati.fisi.org\/veneto\/?p=28021"},"modified":"2025-01-08T07:31:50","modified_gmt":"2025-01-08T07:31:50","slug":"gli-sport-invernali-del-veneto-piangono-italo-de-lorenzo","status":"publish","type":"post","link":"https:\/\/comitati.fisi.org\/veneto\/blog\/2025\/01\/08\/gli-sport-invernali-del-veneto-piangono-italo-de-lorenzo\/","title":{"rendered":"Gli sport invernali del Veneto piangono Italo De Lorenzo"},"content":{"rendered":"\n<p>Gli sport invernali del Veneto, e in particolare il bob, piangono <a href=\"https:\/\/it.wikipedia.org\/wiki\/Italo_De_Lorenzo\">Italo De Lorenzo<\/a>. Classe 1939, De Lorenzo per diversi anni ha fatto parte della nazionale azzurra di bob e ai Campionati del Mondo di Sankt Moritz, nel 1965, vinse l&#8217;argento nel quattro. Imprenditore (era titolare di una gelateria in Olanda ed \u00e8 stato presidente dell&#8217;associazione dei commercianti di Utrecht), una volta terminata l&#8217;attivit\u00e0 agonistica \u00e8 stato commentatore per le gare di bob alla radio e televisione olandese e nel 1978 ha fondato la Bob and Sleebond Nederland di cui \u00e8 stato vicepresidente e poi presidente onorario. Nel 2012 \u00e8 stato eletto membro onorario della Federazione internazionale del bob e dello skeleton.<\/p>\n\n\n\n<p>I funerali si svolgeranno domani,<strong>&nbsp;9 gennaio, <\/strong>a&nbsp;<strong>Utrecht<\/strong>, dove verr\u00e0 tumulato. <\/p>\n\n\n\n<p><\/p>\n","protected":false},"excerpt":{"rendered":"<p>Gli sport invernali del Veneto, e in particolare il bob, piangono Italo De Lorenzo. Classe 1939, De Lorenzo per diversi anni ha fatto parte della nazionale azzurra di bob e ai Campionati del Mondo di Sankt Moritz, nel 1965, vinse l&#8217;argento nel quattro. Imprenditore (era titolare di una gelateria in Olanda ed \u00e8 stato presidente dell&#8217;associazione dei commercianti di Utrecht),&hellip;<\/p>\n","protected":false},"author":33,"featured_media":28022,"comment_status":"open","ping_status":"open","sticky":false,"template":"","format":"standard","meta":{"_acf_changed":false,"footnotes":""},"categories":[9,14,15,7],"tags":[981,980],"acf":[],"_links":{"self":[{"href":"https:\/\/comitati.fisi.org\/veneto\/wp-json\/wp\/v2\/posts\/28021"}],"collection":[{"href":"https:\/\/comitati.fisi.org\/veneto\/wp-json\/wp\/v2\/posts"}],"about":[{"href":"https:\/\/comitati.fisi.org\/veneto\/wp-json\/wp\/v2\/types\/post"}],"author":[{"embeddable":true,"href":"https:\/\/comitati.fisi.org\/veneto\/wp-json\/wp\/v2\/users\/33"}],"replies":[{"embeddable":true,"href":"https:\/\/comitati.fisi.org\/veneto\/wp-json\/wp\/v2\/comments?post=28021"}],"version-history":[{"count":2,"href":"https:\/\/comitati.fisi.org\/veneto\/wp-json\/wp\/v2\/posts\/28021\/revisions"}],"predecessor-version":[{"id":28024,"href":"https:\/\/comitati.fisi.org\/veneto\/wp-json\/wp\/v2\/posts\/28021\/revisions\/28024"}],"wp:featuredmedia":[{"embeddable":true,"href":"https:\/\/comitati.fisi.org\/veneto\/wp-json\/wp\/v2\/media\/28022"}],"wp:attachment":[{"href":"https:\/\/comitati.fisi.org\/veneto\/wp-json\/wp\/v2\/media?parent=28021"}],"wp:term":[{"taxonomy":"category","embeddable":true,"href":"https:\/\/comitati.fisi.org\/veneto\/wp-json\/wp\/v2\/categories?post=28021"},{"taxonomy":"post_tag","embeddable":true,"href":"https:\/\/comitati.fisi.org\/veneto\/wp-json\/wp\/v2\/tags?post=28021"}],"curies":[{"name":"wp","href":"https:\/\/api.w.org\/{rel}","templated":true}]}}