{"id":28002,"date":"2025-01-05T15:14:34","date_gmt":"2025-01-05T15:14:34","guid":{"rendered":"https:\/\/comitati.fisi.org\/veneto\/?p=28002"},"modified":"2025-01-05T15:14:35","modified_gmt":"2025-01-05T15:14:35","slug":"alpino-via-libera-della-fis-per-lolympia-delle-tofane","status":"publish","type":"post","link":"https:\/\/comitati.fisi.org\/veneto\/blog\/2025\/01\/05\/alpino-via-libera-della-fis-per-lolympia-delle-tofane\/","title":{"rendered":"Alpino, via libera della Fis per l&#8217;Olympia delle Tofane"},"content":{"rendered":"\n<p>Semaforo verde per l\u2019edizione 2025 della Cortina Audi FIS Ski World Cup. Nella mattina di oggi, domenica 5 gennaio, la Federazione internazionale dello sci e dello snowboard ha effettuato il consueto \u201c<strong>Snow Control<\/strong>\u201d, l\u2019obbligatorio controllo del manto nevoso sul tracciato di gara delle prove di Coppa del Mondo. L\u2019esito della verifica \u00e8 stato positivo e dunque sulla Olympia delle Tofane si proceder\u00e0 nella preparazione del tracciato che il 18 e 19 gennaio prossimi ospiter\u00e0 il consueto fine settimana della Coppa del mondo di sci alpino femminile sulle Dolomiti ampezzane, dedicato alla velocit\u00e0 e curato da Fondazione Cortina.<\/p>\n\n\n\n<p>\u00ab<em>I lavori proseguiranno spediti per rifinire i dettagli della preparazione del tracciato<\/em>\u00bb spiegano il direttore di gara,&nbsp;<strong>Matteo Gobbo<\/strong>, e il direttore di pista,&nbsp;<strong>Davide Viel<\/strong>. \u00ab<em>Fondamentale \u00e8 stata fin qui e sar\u00e0 la collaborazione della societ\u00e0 impianti ISTA che ha garantito un innevamento come sempre al top<\/em>\u00bb. Nella giornata di marted\u00ec 7 gennaio riprenderanno anche i lavori di allestimento delle strutture alla finish area di Rumerlo.<\/p>\n\n\n\n<p>Il programma di gara prevede per sabato 18 gennaio la&nbsp;<strong>discesa<\/strong>&nbsp;(start programmato alle 11) e per domenica 19 gennaio il&nbsp;<strong>superG<\/strong>&nbsp;(partenza della prima atleta sempre alle 11). Nelle giornate di gioved\u00ec 16 e venerd\u00ec 17 si svolgeranno le prove cronometrate.<\/p>\n\n\n\n<p>Sul sito ufficiale della manifestazione,&nbsp;<a href=\"https:\/\/fondazionecortina.us20.list-manage.com\/track\/click?u=74e7678810042ecfc19f96f9b&amp;id=5c3c7f07ce&amp;e=398b03dda1\" target=\"_blank\" rel=\"noreferrer noopener\">www.cortinaskiworldcup.com<\/a>, si possono acquistare i biglietti per Parterre (ingresso gratuito nella giornata di venerd\u00ec 18), Tribuna e Prosecco DOC Sparkling Corner, oltre che trovare tutte le informazioni relative al Bus del Tifoso, ai parcheggi e agli eventi collaterali.<\/p>\n","protected":false},"excerpt":{"rendered":"<p>Semaforo verde per l\u2019edizione 2025 della Cortina Audi FIS Ski World Cup. Nella mattina di oggi, domenica 5 gennaio, la Federazione internazionale dello sci e dello snowboard ha effettuato il consueto \u201cSnow Control\u201d, l\u2019obbligatorio controllo del manto nevoso sul tracciato di gara delle prove di Coppa del Mondo. L\u2019esito della verifica \u00e8 stato positivo e dunque sulla Olympia delle Tofane&hellip;<\/p>\n","protected":false},"author":33,"featured_media":12264,"comment_status":"open","ping_status":"open","sticky":false,"template":"","format":"standard","meta":{"_acf_changed":false,"footnotes":""},"categories":[9,10,13,14,15,7,19],"tags":[63,98,64],"acf":[],"_links":{"self":[{"href":"https:\/\/comitati.fisi.org\/veneto\/wp-json\/wp\/v2\/posts\/28002"}],"collection":[{"href":"https:\/\/comitati.fisi.org\/veneto\/wp-json\/wp\/v2\/posts"}],"about":[{"href":"https:\/\/comitati.fisi.org\/veneto\/wp-json\/wp\/v2\/types\/post"}],"author":[{"embeddable":true,"href":"https:\/\/comitati.fisi.org\/veneto\/wp-json\/wp\/v2\/users\/33"}],"replies":[{"embeddable":true,"href":"https:\/\/comitati.fisi.org\/veneto\/wp-json\/wp\/v2\/comments?post=28002"}],"version-history":[{"count":1,"href":"https:\/\/comitati.fisi.org\/veneto\/wp-json\/wp\/v2\/posts\/28002\/revisions"}],"predecessor-version":[{"id":28003,"href":"https:\/\/comitati.fisi.org\/veneto\/wp-json\/wp\/v2\/posts\/28002\/revisions\/28003"}],"wp:featuredmedia":[{"embeddable":true,"href":"https:\/\/comitati.fisi.org\/veneto\/wp-json\/wp\/v2\/media\/12264"}],"wp:attachment":[{"href":"https:\/\/comitati.fisi.org\/veneto\/wp-json\/wp\/v2\/media?parent=28002"}],"wp:term":[{"taxonomy":"category","embeddable":true,"href":"https:\/\/comitati.fisi.org\/veneto\/wp-json\/wp\/v2\/categories?post=28002"},{"taxonomy":"post_tag","embeddable":true,"href":"https:\/\/comitati.fisi.org\/veneto\/wp-json\/wp\/v2\/tags?post=28002"}],"curies":[{"name":"wp","href":"https:\/\/api.w.org\/{rel}","templated":true}]}}