{"id":2728,"date":"2019-01-06T19:49:23","date_gmt":"2019-01-06T19:49:23","guid":{"rendered":"http:\/\/www.fisiveneto.com\/?p=2728"},"modified":"2019-01-06T19:49:23","modified_gmt":"2019-01-06T19:49:23","slug":"grand-prix-lattebusche-spettacolo-gymkana-ad-arabba-con-la-belluno-bassa","status":"publish","type":"post","link":"https:\/\/comitati.fisi.org\/veneto\/blog\/2019\/01\/06\/grand-prix-lattebusche-spettacolo-gymkana-ad-arabba-con-la-belluno-bassa\/","title":{"rendered":"Grand Prix Lattebusche, spettacolo gymkana ad Arabba con la Belluno Bassa"},"content":{"rendered":"\n<p>La gymkana ha dato il via oggi alla stagione 2018-2019 del Grand Prix Lattebusche anche per la circoscrizione Belluno Bassa. Oltre 180 Baby e Cuccioli (under 10 e under 12) si sono ritrovati ad Arabba &#8211; passo Campolongo per la giornata proposta dallo Sci club Arabba come apertura delle prove che porteranno alla finale di Cortina di inizio marzo. Una giornata che ha visto i giovanissimi confrontarsi in una serie di prove che avevano l&#8217;obiettivo non quello di confrontarsi con il cronometro quanto di mettere in evidenza l&#8217;abilit\u00e0. E lo spirito di squadra, con formazioni (13 quelle formate) caratterizzate da diverso colore e composte da ragazzi e ragazze di club diversi. La pi\u00f9 brava \u00e8 risultata la squadra Gialla. Questi i componenti: Teo Bagatella, Valentina Bortot, Greta Crepaz, Massimiliano Pallante, Iris Bittoni, Greta Savelli, Gianmarco Ballestriero, Francesco Machnig, Thomas De Gan, Daniele Collet, Andrea Bertoldo, Penelope Pianon, Marco Gervasini.\u00a0<br>Sul secondo gradino del podio \u00e8 salita la squadra verde scuro, composta da Leonardo D&#8217;Inc\u00e0, Marem Conte, Francesco Cortese, Oliver Crepaz, Lorenzo D&#8217;Inc\u00e0, Matteo De Bortoli, Marte Cerri, Stella Zasso, Sophia Grones, Irene Losso, Umberto Gasparetto, Delle Vedove, Niccol\u00f2 Vedana. La terza posizione se la sono aggiudicata i ragazzi della squadra viola, composta da Edoardo Dall&#8217;Anese, Manuel Foppa, Giada Gaz, Lorenzo Tamburlin, Manuel Rech, Elena Ongaro, Davide Zama, Asia Perini, Philip Ploner, Lorenzo Vieceli, Pietro Glicidio, Caterina Degli Angeli, Diletta Maset, Anna Varagnolo.\u00a0<br>Il prossimo appuntamento del Grand Prix Lattebusche per la Belluno Bassa \u00e8 fissato per domenica prossima ad Alleghe: si garegger\u00e0 in gigante, per l&#8217;organizzazione dello Sci club Alleghe. Gli appuntamenti successivi sono fissati a Forcella Aurine (27 gennaio), Monte Avena (3 febbraio) e in Nevegal (17 febbraio). <\/p>\n\n\n\n<div class=\"wp-block-file\"><a href=\"http:\/\/comitati.fisi.org\/veneto\/wp-content\/uploads\/sites\/39\/2019\/01\/GK-classifica-squadre-LATTEBUSCHE-.pdf\">GK classifica squadre LATTEBUSCHE<\/a><a href=\"http:\/\/comitati.fisi.org\/veneto\/wp-content\/uploads\/sites\/39\/2019\/01\/GK-classifica-squadre-LATTEBUSCHE-.pdf\" class=\"wp-block-file__button\" download>Download<\/a><\/div>\n","protected":false},"excerpt":{"rendered":"<p>La gymkana ha dato il via oggi alla stagione 2018-2019 del Grand Prix Lattebusche anche per la circoscrizione Belluno Bassa. Oltre 180 Baby e Cuccioli (under 10 e under 12) si sono ritrovati ad Arabba &#8211; passo Campolongo per la giornata proposta dallo Sci club Arabba come apertura delle prove che porteranno alla finale di Cortina di inizio marzo. Una&hellip;<\/p>\n","protected":false},"author":4,"featured_media":2730,"comment_status":"closed","ping_status":"open","sticky":false,"template":"","format":"standard","meta":{"_acf_changed":false,"footnotes":""},"categories":[1],"tags":[],"acf":[],"_links":{"self":[{"href":"https:\/\/comitati.fisi.org\/veneto\/wp-json\/wp\/v2\/posts\/2728"}],"collection":[{"href":"https:\/\/comitati.fisi.org\/veneto\/wp-json\/wp\/v2\/posts"}],"about":[{"href":"https:\/\/comitati.fisi.org\/veneto\/wp-json\/wp\/v2\/types\/post"}],"author":[{"embeddable":true,"href":"https:\/\/comitati.fisi.org\/veneto\/wp-json\/wp\/v2\/users\/4"}],"replies":[{"embeddable":true,"href":"https:\/\/comitati.fisi.org\/veneto\/wp-json\/wp\/v2\/comments?post=2728"}],"version-history":[{"count":0,"href":"https:\/\/comitati.fisi.org\/veneto\/wp-json\/wp\/v2\/posts\/2728\/revisions"}],"wp:featuredmedia":[{"embeddable":true,"href":"https:\/\/comitati.fisi.org\/veneto\/wp-json\/wp\/v2\/media\/2730"}],"wp:attachment":[{"href":"https:\/\/comitati.fisi.org\/veneto\/wp-json\/wp\/v2\/media?parent=2728"}],"wp:term":[{"taxonomy":"category","embeddable":true,"href":"https:\/\/comitati.fisi.org\/veneto\/wp-json\/wp\/v2\/categories?post=2728"},{"taxonomy":"post_tag","embeddable":true,"href":"https:\/\/comitati.fisi.org\/veneto\/wp-json\/wp\/v2\/tags?post=2728"}],"curies":[{"name":"wp","href":"https:\/\/api.w.org\/{rel}","templated":true}]}}