{"id":2535,"date":"2019-01-02T16:17:15","date_gmt":"2019-01-02T16:17:15","guid":{"rendered":"http:\/\/www.fisiveneto.com\/?p=2535"},"modified":"2019-01-02T16:17:15","modified_gmt":"2019-01-02T16:17:15","slug":"quattro-campionesse-per-due-posti-da-regina-dellolympia-delle-tofane-2019","status":"publish","type":"post","link":"https:\/\/comitati.fisi.org\/veneto\/blog\/2019\/01\/02\/quattro-campionesse-per-due-posti-da-regina-dellolympia-delle-tofane-2019\/","title":{"rendered":"Quattro campionesse per due posti da Regina dell&#8217;Olympia delle Tofane 2019"},"content":{"rendered":"\n<p>Comincia il conto alla rovescia verso le&nbsp;gare di Coppa del mondo di sci alpino femminile a Cortina d&#8217;Ampezzo, programmate per il 19 e il 20 gennaio prossimi. Ancora una volta, e sar\u00e0 la ventisettesima consecutiva,&nbsp;il Circo Rosa cercher\u00e0 sull&#8217;Olympia delle Tofane la sua nuova regina, nel solco delle grandi campionesse che si sono imposte negli anni. Il primo appuntamento sar\u00e0 con la discesa, la seconda giornata vedr\u00e0 protagonista il superG.<\/p>\n\n\n\n<p>Dopo le prime gare veloci dell&#8217;anno, con le gare di Cortina si entra nel cuore della stagione, quando si cominciano a delineare i nomi delle atlete che contrassegneranno gli importanti obiettivi del 2019:&nbsp;i Mondiali di Are, in Svezia, e l&#8217;assegnazione delle Coppe del mondo, il prossimo marzo.<\/p>\n\n\n\n<p>La prima fase della velocit\u00e0 femminile \u00e8 vissuta sulla splendida doppietta di&nbsp;Nicole Schmidhofer, capace di imporsi nelle due discese di Lake Louise, in Canada. Per Schmidhofer, 29 anni da Friesach, in Carinzia, si trattava delle prime vittorie nel circuito maggiore, anche se \u00e8 proprio lei la&nbsp;campionessa mondiale in carica&nbsp;nel superG. Quest&#8217;anno l&#8217;austriaca si \u00e8 mostrata subito particolarmente in forma e&nbsp;arriver\u00e0 a Cortina fra le favorite. Ma c&#8217;\u00e8 un&#8217;altra atleta che si \u00e8 gi\u00e0 proposta all&#8217;attenzione degli appassionati e dei media. Si tratta della 28enne slovena&nbsp;Ilka Stuhec, vincitrice sia in discesa che in superG sulla pista della Val Gardena, che per la prima volta ha ospitato le gare del circuito femminile, recuperando il programma cancellato in Val d&#8217;Is\u00e8re la settimana prima. La doppia vittoria della slovena, riconsegna allo sci una campionessa assoluta, fermata da un infortunio nella passata stagione, ma gi\u00e0 tornata a far sognare i tanti tifosi che apprezzano lo stile sempre sorridente di questa grande atleta.&nbsp;Stuhec \u00e8 campionessa mondiale in carica di discesa:&nbsp;un altro pezzo da 90 che prover\u00e0 a far sua l&#8217;Olympia, come \u00e8 gi\u00e0 stata in grado di fare nel superG del 2017, poco prima di andare a St. Moritz e vincere la discesa iridata.<\/p>\n\n\n\n<p>Grande \u00e8 l&#8217;attesa per le due star dello sci internazionale, che si sono alternate al vertice delle classifiche sull&#8217;Olympia nella passata stagione:&nbsp;Lindsey Vonn e Sofia Goggia. Lindsey \u00e8 uno dei miti dell&#8217;Olympia, grazie alle 12 vittorie conquistate in carriera sulla pista ampezzana, equamente suddivise fra discesa e superG.&nbsp;La campionessa americana ha gi\u00e0 annunciato che questa sar\u00e0 la sua ultima stagione in Coppa del mondo, anche se ha aggiunto che garegger\u00e0 ancora nelle gare di Lake Louise del prossimo dicembre, gare che quest&#8217;anno ha dovuto saltare a causa di un leggero infortunio ad un ginocchio. La Vonn porta Cortina nel cuore, non solo per i successi ottenuti, ma anche perch\u00e9&nbsp;proprio qui, nel 2016, divenne l&#8217;atleta pi\u00f9 vincente di sempre nella discesa libera: uno dei tanti record della supercampionessa che insegue il record assoluto di vittorie nel massimo circuito, detenuto da Ingemar Stenmark con 86 successi. La Vonn \u00e8 arrivata a quota 82 e proprio a Cortina potrebbe dare un ulteriore spallata alla classifica e portarsi a tiro del mito svedese. Sarebbe il miglior ritorno alle gare per la star americana, che ancora non ha potuto mettere il suo sigillo al circuito di quest&#8217;anno.<\/p>\n\n\n\n<p>Anche\u00a0Sofia Goggia ha dovuto saltare l&#8217;intera prima parte della stagione per colpa di una frattura al malleolo peroneale destro, occorsa alla campionessa bergamasca durante un allenamento a Hintertux, pochi giorni prima del debutto di Soelden.\u00a0La Goggia vinse l&#8217;anno scorso a Cortina l&#8217;ultima discesa prima di quella olimpica di PyeongChang, dove entr\u00f2 definitivamente nella storia dello sci grazie ad una medaglia d&#8217;oro storica, che l&#8217;Italia non aveva mai saputo conquistare prima.\u00a0Proprio in questi giorni Goggia torner\u00e0 sugli sci e tutto il mondo sportivo attende di sapere se sar\u00e0 proprio Cortina a battezzare il suo rientro alle competizioni. Le possibilit\u00e0 ci sono, anche se l&#8217;atleta delle Fiamme Gialle dovr\u00e0 riprendere prima la giusta confidenza con la velocit\u00e0, che sull&#8217;Olympia \u00e8 una delle pi\u00f9 elevate dell&#8217;intero circuito.<\/p>\n\n\n\n<p><\/p>\n\n\n\n<p><em>nota stampa organizzazione<\/em><\/p>\n","protected":false},"excerpt":{"rendered":"<p>Comincia il conto alla rovescia verso le&nbsp;gare di Coppa del mondo di sci alpino femminile a Cortina d&#8217;Ampezzo, programmate per il 19 e il 20 gennaio prossimi. Ancora una volta, e sar\u00e0 la ventisettesima consecutiva,&nbsp;il Circo Rosa cercher\u00e0 sull&#8217;Olympia delle Tofane la sua nuova regina, nel solco delle grandi campionesse che si sono imposte negli anni. Il primo appuntamento sar\u00e0&hellip;<\/p>\n","protected":false},"author":4,"featured_media":2536,"comment_status":"closed","ping_status":"open","sticky":false,"template":"","format":"standard","meta":{"_acf_changed":false,"footnotes":""},"categories":[1],"tags":[614,87,657,658,659,137],"acf":[],"_links":{"self":[{"href":"https:\/\/comitati.fisi.org\/veneto\/wp-json\/wp\/v2\/posts\/2535"}],"collection":[{"href":"https:\/\/comitati.fisi.org\/veneto\/wp-json\/wp\/v2\/posts"}],"about":[{"href":"https:\/\/comitati.fisi.org\/veneto\/wp-json\/wp\/v2\/types\/post"}],"author":[{"embeddable":true,"href":"https:\/\/comitati.fisi.org\/veneto\/wp-json\/wp\/v2\/users\/4"}],"replies":[{"embeddable":true,"href":"https:\/\/comitati.fisi.org\/veneto\/wp-json\/wp\/v2\/comments?post=2535"}],"version-history":[{"count":0,"href":"https:\/\/comitati.fisi.org\/veneto\/wp-json\/wp\/v2\/posts\/2535\/revisions"}],"wp:featuredmedia":[{"embeddable":true,"href":"https:\/\/comitati.fisi.org\/veneto\/wp-json\/wp\/v2\/media\/2536"}],"wp:attachment":[{"href":"https:\/\/comitati.fisi.org\/veneto\/wp-json\/wp\/v2\/media?parent=2535"}],"wp:term":[{"taxonomy":"category","embeddable":true,"href":"https:\/\/comitati.fisi.org\/veneto\/wp-json\/wp\/v2\/categories?post=2535"},{"taxonomy":"post_tag","embeddable":true,"href":"https:\/\/comitati.fisi.org\/veneto\/wp-json\/wp\/v2\/tags?post=2535"}],"curies":[{"name":"wp","href":"https:\/\/api.w.org\/{rel}","templated":true}]}}