{"id":2474,"date":"2019-01-02T14:15:17","date_gmt":"2019-01-02T14:15:17","guid":{"rendered":"http:\/\/www.fisiveneto.com\/?p=2474"},"modified":"2019-01-02T14:15:17","modified_gmt":"2019-01-02T14:15:17","slug":"sara-pellegrini-a-punti-in-coppa-del-mondo","status":"publish","type":"post","link":"https:\/\/comitati.fisi.org\/veneto\/blog\/2019\/01\/02\/sara-pellegrini-a-punti-in-coppa-del-mondo\/","title":{"rendered":"Sara Pellegrini a punti in Coppa del mondo"},"content":{"rendered":"\n<p>Bella giornata oggi per Sara Pellegrini a Oberstdorf (Germania) nella quarta tappa del Tour de ski. La zoldana delle Fiamme Oro per la prima volta in carriera \u00e8 andata a punti in Coppa del Mondo: 30.ma al termine della 10 km in classico vinta dalla norvegese Ingvild Flugstad Oestberg. \u00abUn piccolo punto in Coppa del Mondo \u00e8 finalmente arrivato\u00bb sorride la ragazza cresciuta nello Sci club Valzoldana. \u00abSono contenta della gara, una gara resa durissima dalle condizioni meteo che, oltre a noi atlete, hanno messo a dura prova anche gli skimen. A loro va un ringraziamento grande cos\u00ec perch\u00e9 hanno fatto un lavoro davvero ottimo. Ora sono 37.ma nella generale  del Tour, l&#8217;auspicio \u00e8 chiudere sul Cermis almeno nelle trenta\u00bb. La  gara maschile \u00e8 stata vinta dal norvegese Emil Iversen sul valdostano Francesco De Fabiani.<\/p>\n\n\n\n<p><a href=\"https:\/\/www.fis-ski.com\/DB\/general\/event-details.html?sectorcode=CC&amp;eventid=43125&amp;seasoncode=2019\">Qui<\/a> il dettaglio. <\/p>\n\n\n\n<p><\/p>\n","protected":false},"excerpt":{"rendered":"<p>Bella giornata oggi per Sara Pellegrini a Oberstdorf (Germania) nella quarta tappa del Tour de ski. La zoldana delle Fiamme Oro per la prima volta in carriera \u00e8 andata a punti in Coppa del Mondo: 30.ma al termine della 10 km in classico vinta dalla norvegese Ingvild Flugstad Oestberg. \u00abUn piccolo punto in Coppa del Mondo \u00e8 finalmente arrivato\u00bb sorride&hellip;<\/p>\n","protected":false},"author":4,"featured_media":2478,"comment_status":"closed","ping_status":"open","sticky":false,"template":"","format":"standard","meta":{"_acf_changed":false,"footnotes":""},"categories":[9,10],"tags":[582,632,483,30],"acf":[],"_links":{"self":[{"href":"https:\/\/comitati.fisi.org\/veneto\/wp-json\/wp\/v2\/posts\/2474"}],"collection":[{"href":"https:\/\/comitati.fisi.org\/veneto\/wp-json\/wp\/v2\/posts"}],"about":[{"href":"https:\/\/comitati.fisi.org\/veneto\/wp-json\/wp\/v2\/types\/post"}],"author":[{"embeddable":true,"href":"https:\/\/comitati.fisi.org\/veneto\/wp-json\/wp\/v2\/users\/4"}],"replies":[{"embeddable":true,"href":"https:\/\/comitati.fisi.org\/veneto\/wp-json\/wp\/v2\/comments?post=2474"}],"version-history":[{"count":0,"href":"https:\/\/comitati.fisi.org\/veneto\/wp-json\/wp\/v2\/posts\/2474\/revisions"}],"wp:featuredmedia":[{"embeddable":true,"href":"https:\/\/comitati.fisi.org\/veneto\/wp-json\/wp\/v2\/media\/2478"}],"wp:attachment":[{"href":"https:\/\/comitati.fisi.org\/veneto\/wp-json\/wp\/v2\/media?parent=2474"}],"wp:term":[{"taxonomy":"category","embeddable":true,"href":"https:\/\/comitati.fisi.org\/veneto\/wp-json\/wp\/v2\/categories?post=2474"},{"taxonomy":"post_tag","embeddable":true,"href":"https:\/\/comitati.fisi.org\/veneto\/wp-json\/wp\/v2\/tags?post=2474"}],"curies":[{"name":"wp","href":"https:\/\/api.w.org\/{rel}","templated":true}]}}