{"id":2421,"date":"2018-12-30T15:20:19","date_gmt":"2018-12-30T15:20:19","guid":{"rendered":"http:\/\/www.fisiveneto.com\/?p=2421"},"modified":"2018-12-30T15:20:19","modified_gmt":"2018-12-30T15:20:19","slug":"tour-de-ski-poca-fortuna-per-comarella-e-pellegrini","status":"publish","type":"post","link":"https:\/\/comitati.fisi.org\/veneto\/blog\/2018\/12\/30\/tour-de-ski-poca-fortuna-per-comarella-e-pellegrini\/","title":{"rendered":"Tour de ski, poca fortuna per Comarella e Pellegrini"},"content":{"rendered":"\n<p><\/p>\n\n\n\n<p>Poca fortuna per Sara Pellegrini <em>(foto)<\/em> e Anna Comarella nel fine settimana di Dobbiaco che ha inaugurato l&#8217;edizione 2018-2019 del Tour de ski. Ieri, nella sprint skating vinta dalla svedese Stina Nilsson , entrambe si sono fermate alla qualifica: Pellegrini ha chiuso al 63.mo posto, Comarella al 70.mo. Oggi, nella 10 km skating a cronometro (vittoria della russa Natalia Nepryaeva), 43.mo posto per Pellegrini e 45.mo per Comarella. Come previsto, dopo la due giorni altoatesina Anna si fermer\u00e0 mentre Sar\u00e0 proseguir\u00e0 il Tour che dopo il riposo di domani riprender\u00e0 l&#8217;1 gennaio con la sprint skating di Val M\u00fcstair. <a href=\"https:\/\/www.fis-ski.com\/DB\/general\/event-details.html?sectorcode=CC&amp;eventid=43125&amp;seasoncode=2019\">Qui<\/a> il dettaglio.  <br>Ricordiamo che per il Tour de ski era stata convocata anche la veronese Lucia Scardoni che per\u00f2 ha dovuto dare forfait alla vigilia a causa dell&#8217;influenza.  <\/p>\n","protected":false},"excerpt":{"rendered":"<p>Poca fortuna per Sara Pellegrini (foto) e Anna Comarella nel fine settimana di Dobbiaco che ha inaugurato l&#8217;edizione 2018-2019 del Tour de ski. Ieri, nella sprint skating vinta dalla svedese Stina Nilsson , entrambe si sono fermate alla qualifica: Pellegrini ha chiuso al 63.mo posto, Comarella al 70.mo. Oggi, nella 10 km skating a cronometro (vittoria della russa Natalia Nepryaeva),&hellip;<\/p>\n","protected":false},"author":4,"featured_media":2429,"comment_status":"closed","ping_status":"open","sticky":false,"template":"","format":"standard","meta":{"_acf_changed":false,"footnotes":""},"categories":[13,14,15,16,1],"tags":[28,924,11,412,632,30],"acf":[],"_links":{"self":[{"href":"https:\/\/comitati.fisi.org\/veneto\/wp-json\/wp\/v2\/posts\/2421"}],"collection":[{"href":"https:\/\/comitati.fisi.org\/veneto\/wp-json\/wp\/v2\/posts"}],"about":[{"href":"https:\/\/comitati.fisi.org\/veneto\/wp-json\/wp\/v2\/types\/post"}],"author":[{"embeddable":true,"href":"https:\/\/comitati.fisi.org\/veneto\/wp-json\/wp\/v2\/users\/4"}],"replies":[{"embeddable":true,"href":"https:\/\/comitati.fisi.org\/veneto\/wp-json\/wp\/v2\/comments?post=2421"}],"version-history":[{"count":0,"href":"https:\/\/comitati.fisi.org\/veneto\/wp-json\/wp\/v2\/posts\/2421\/revisions"}],"wp:featuredmedia":[{"embeddable":true,"href":"https:\/\/comitati.fisi.org\/veneto\/wp-json\/wp\/v2\/media\/2429"}],"wp:attachment":[{"href":"https:\/\/comitati.fisi.org\/veneto\/wp-json\/wp\/v2\/media?parent=2421"}],"wp:term":[{"taxonomy":"category","embeddable":true,"href":"https:\/\/comitati.fisi.org\/veneto\/wp-json\/wp\/v2\/categories?post=2421"},{"taxonomy":"post_tag","embeddable":true,"href":"https:\/\/comitati.fisi.org\/veneto\/wp-json\/wp\/v2\/tags?post=2421"}],"curies":[{"name":"wp","href":"https:\/\/api.w.org\/{rel}","templated":true}]}}