{"id":2411,"date":"2018-12-30T10:05:52","date_gmt":"2018-12-30T10:05:52","guid":{"rendered":"http:\/\/www.fisiveneto.com\/?p=2411"},"modified":"2018-12-30T10:05:52","modified_gmt":"2018-12-30T10:05:52","slug":"a-kranjska-gora-di-paolo-e-franzoni-da-applausi","status":"publish","type":"post","link":"https:\/\/comitati.fisi.org\/veneto\/blog\/2018\/12\/30\/a-kranjska-gora-di-paolo-e-franzoni-da-applausi\/","title":{"rendered":"A Kranjska Gora, Di Paolo e Franzoni da applausi"},"content":{"rendered":"\n<p>Gran bella due giorni a  Kranjska Gora (Slovenia) per la squadra dello sci alpino del comitato. Negli slalom Fis del 28 e 29 dicembre, in evidenza in particolare Gianlorenzo Di Paolo e Giovanni Franzoni. Nello slalom del 28 si \u00e8 registrato il 4. posto assoluto per Di Paolo, che si \u00e8 portato a casa cos\u00ec porta a casa 29 punti Fis! Nello slalom  Fis del 29 dicembre, 4. assoluto Giovanni Franzoni e anche per lui 29 punti Fis! Da sottolineare anche l&#8217;8. posto assoluto di Gianlorenzo Di Paolo, il 12.mo di Gabriele Sartori e il 18.mo di Matteo Pizzato. <a href=\"https:\/\/www.fis-ski.com\/DB\/general\/event-details.html?sectorcode=AL&amp;eventid=43557&amp;seasoncode=2019\">Qui<\/a> il dettaglio delle graduatorie. <\/p>\n","protected":false},"excerpt":{"rendered":"<p>Gran bella due giorni a Kranjska Gora (Slovenia) per la squadra dello sci alpino del comitato. Negli slalom Fis del 28 e 29 dicembre, in evidenza in particolare Gianlorenzo Di Paolo e Giovanni Franzoni. Nello slalom del 28 si \u00e8 registrato il 4. posto assoluto per Di Paolo, che si \u00e8 portato a casa cos\u00ec porta a casa 29 punti&hellip;<\/p>\n","protected":false},"author":4,"featured_media":2413,"comment_status":"closed","ping_status":"open","sticky":false,"template":"","format":"standard","meta":{"_acf_changed":false,"footnotes":""},"categories":[13,14,15,19],"tags":[920,577,578,481,193,47,284,410,921,922],"acf":[],"_links":{"self":[{"href":"https:\/\/comitati.fisi.org\/veneto\/wp-json\/wp\/v2\/posts\/2411"}],"collection":[{"href":"https:\/\/comitati.fisi.org\/veneto\/wp-json\/wp\/v2\/posts"}],"about":[{"href":"https:\/\/comitati.fisi.org\/veneto\/wp-json\/wp\/v2\/types\/post"}],"author":[{"embeddable":true,"href":"https:\/\/comitati.fisi.org\/veneto\/wp-json\/wp\/v2\/users\/4"}],"replies":[{"embeddable":true,"href":"https:\/\/comitati.fisi.org\/veneto\/wp-json\/wp\/v2\/comments?post=2411"}],"version-history":[{"count":0,"href":"https:\/\/comitati.fisi.org\/veneto\/wp-json\/wp\/v2\/posts\/2411\/revisions"}],"wp:featuredmedia":[{"embeddable":true,"href":"https:\/\/comitati.fisi.org\/veneto\/wp-json\/wp\/v2\/media\/2413"}],"wp:attachment":[{"href":"https:\/\/comitati.fisi.org\/veneto\/wp-json\/wp\/v2\/media?parent=2411"}],"wp:term":[{"taxonomy":"category","embeddable":true,"href":"https:\/\/comitati.fisi.org\/veneto\/wp-json\/wp\/v2\/categories?post=2411"},{"taxonomy":"post_tag","embeddable":true,"href":"https:\/\/comitati.fisi.org\/veneto\/wp-json\/wp\/v2\/tags?post=2411"}],"curies":[{"name":"wp","href":"https:\/\/api.w.org\/{rel}","templated":true}]}}