{"id":2270,"date":"2018-12-21T13:58:49","date_gmt":"2018-12-21T13:58:49","guid":{"rendered":"http:\/\/www.fisiveneto.com\/?p=2270"},"modified":"2018-12-21T13:58:49","modified_gmt":"2018-12-21T13:58:49","slug":"a-pfelders-e-ancora-grande-veneto","status":"publish","type":"post","link":"https:\/\/comitati.fisi.org\/veneto\/blog\/2018\/12\/21\/a-pfelders-e-ancora-grande-veneto\/","title":{"rendered":"A Pfelders \u00e8 ancora Grande Veneto"},"content":{"rendered":"\n<p>Anche quella di oggi \u00e8 stata una grande giornata per Fisi Veneto a Pfelders. Nella localit\u00e0  altoatesina si \u00e8 svolta l&#8217;ultima gara di una settimana intensa, giornata dedicata al gigante valido quale secondo appuntamento del Gran Prix Italia. Ottimo terzo posto assoluto (secondo Gpi) per Alessio Bonardi: il modenese, cresciuto nello Ski College di Falcade e ora in tuta Fiamme Oro, ha chiuso a 71 centesimi dal vincitore, Manuel Ploner. Decimo posto assoluto per Giovanni Franzoni (nono Gpi e secondo Aspirante). Per quanto riguarda la classifica Aspiranti da segnalare il 5. posto di Federico Scussel e il 6. di Gianlorenzo Di Paolo.<\/p>\n\n\n\n<p><a href=\"https:\/\/www.fis-ski.com\/DB\/general\/results.html?sectorcode=AL&amp;raceid=97076\">Qui<\/a> la classifica completa. <\/p>\n\n\n\n<p>P<\/p>\n\n\n\n<p><\/p>\n\n\n\n<p><\/p>\n","protected":false},"excerpt":{"rendered":"<p>Anche quella di oggi \u00e8 stata una grande giornata per Fisi Veneto a Pfelders. Nella localit\u00e0 altoatesina si \u00e8 svolta l&#8217;ultima gara di una settimana intensa, giornata dedicata al gigante valido quale secondo appuntamento del Gran Prix Italia. Ottimo terzo posto assoluto (secondo Gpi) per Alessio Bonardi: il modenese, cresciuto nello Ski College di Falcade e ora in tuta Fiamme&hellip;<\/p>\n","protected":false},"author":4,"featured_media":2269,"comment_status":"closed","ping_status":"open","sticky":false,"template":"","format":"standard","meta":{"_acf_changed":false,"footnotes":""},"categories":[208,13,14,15,19],"tags":[279,631,410,750],"acf":[],"_links":{"self":[{"href":"https:\/\/comitati.fisi.org\/veneto\/wp-json\/wp\/v2\/posts\/2270"}],"collection":[{"href":"https:\/\/comitati.fisi.org\/veneto\/wp-json\/wp\/v2\/posts"}],"about":[{"href":"https:\/\/comitati.fisi.org\/veneto\/wp-json\/wp\/v2\/types\/post"}],"author":[{"embeddable":true,"href":"https:\/\/comitati.fisi.org\/veneto\/wp-json\/wp\/v2\/users\/4"}],"replies":[{"embeddable":true,"href":"https:\/\/comitati.fisi.org\/veneto\/wp-json\/wp\/v2\/comments?post=2270"}],"version-history":[{"count":0,"href":"https:\/\/comitati.fisi.org\/veneto\/wp-json\/wp\/v2\/posts\/2270\/revisions"}],"wp:featuredmedia":[{"embeddable":true,"href":"https:\/\/comitati.fisi.org\/veneto\/wp-json\/wp\/v2\/media\/2269"}],"wp:attachment":[{"href":"https:\/\/comitati.fisi.org\/veneto\/wp-json\/wp\/v2\/media?parent=2270"}],"wp:term":[{"taxonomy":"category","embeddable":true,"href":"https:\/\/comitati.fisi.org\/veneto\/wp-json\/wp\/v2\/categories?post=2270"},{"taxonomy":"post_tag","embeddable":true,"href":"https:\/\/comitati.fisi.org\/veneto\/wp-json\/wp\/v2\/tags?post=2270"}],"curies":[{"name":"wp","href":"https:\/\/api.w.org\/{rel}","templated":true}]}}