{"id":2196,"date":"2018-12-18T16:56:17","date_gmt":"2018-12-18T16:56:17","guid":{"rendered":"http:\/\/www.fisiveneto.com\/?p=2196"},"modified":"2018-12-18T16:56:17","modified_gmt":"2018-12-18T16:56:17","slug":"davide-mancin-majoni-di-nuovo-in-azzurro","status":"publish","type":"post","link":"https:\/\/comitati.fisi.org\/veneto\/blog\/2018\/12\/18\/davide-mancin-majoni-di-nuovo-in-azzurro\/","title":{"rendered":"Davide Mancin Majoni di nuovo in azzurro"},"content":{"rendered":"<p>Dopo il buon fine settimana scorso a Lenzerheide (Svizzera), Davide Mancin Majoni sar\u00e0 di nuovo in Ibu Cup Junior.  Il portacolori dello Sci club Orsago \u00e8 a Premanon (Francia) dove domani affronter\u00e0 la staffetta mista, insieme a Kevin Gontel, Samuela Comola ed Eleonora Fauner. Le gare successive (che dovrebbero svolgersi gioved\u00ec e venerd\u00ec anzich\u00e9 gioved\u00ec e sabato come da programma originario) saranno una sprint e un pursuit.<\/p>\n","protected":false},"excerpt":{"rendered":"<p>Dopo il buon fine settimana scorso a Lenzerheide (Svizzera), Davide Mancin Majoni sar\u00e0 di nuovo in Ibu Cup Junior. Il portacolori dello Sci club Orsago \u00e8 a Premanon (Francia) dove domani affronter\u00e0 la staffetta mista, insieme a Kevin Gontel, Samuela Comola ed Eleonora Fauner. Le gare successive (che dovrebbero svolgersi gioved\u00ec e venerd\u00ec anzich\u00e9 gioved\u00ec e sabato come da programma&hellip;<\/p>\n","protected":false},"author":4,"featured_media":2199,"comment_status":"closed","ping_status":"open","sticky":false,"template":"","format":"standard","meta":{"_acf_changed":false,"footnotes":""},"categories":[9,23],"tags":[215,896,649,577,910,911],"acf":[],"_links":{"self":[{"href":"https:\/\/comitati.fisi.org\/veneto\/wp-json\/wp\/v2\/posts\/2196"}],"collection":[{"href":"https:\/\/comitati.fisi.org\/veneto\/wp-json\/wp\/v2\/posts"}],"about":[{"href":"https:\/\/comitati.fisi.org\/veneto\/wp-json\/wp\/v2\/types\/post"}],"author":[{"embeddable":true,"href":"https:\/\/comitati.fisi.org\/veneto\/wp-json\/wp\/v2\/users\/4"}],"replies":[{"embeddable":true,"href":"https:\/\/comitati.fisi.org\/veneto\/wp-json\/wp\/v2\/comments?post=2196"}],"version-history":[{"count":0,"href":"https:\/\/comitati.fisi.org\/veneto\/wp-json\/wp\/v2\/posts\/2196\/revisions"}],"wp:featuredmedia":[{"embeddable":true,"href":"https:\/\/comitati.fisi.org\/veneto\/wp-json\/wp\/v2\/media\/2199"}],"wp:attachment":[{"href":"https:\/\/comitati.fisi.org\/veneto\/wp-json\/wp\/v2\/media?parent=2196"}],"wp:term":[{"taxonomy":"category","embeddable":true,"href":"https:\/\/comitati.fisi.org\/veneto\/wp-json\/wp\/v2\/categories?post=2196"},{"taxonomy":"post_tag","embeddable":true,"href":"https:\/\/comitati.fisi.org\/veneto\/wp-json\/wp\/v2\/tags?post=2196"}],"curies":[{"name":"wp","href":"https:\/\/api.w.org\/{rel}","templated":true}]}}