{"id":2118,"date":"2018-12-17T16:52:46","date_gmt":"2018-12-17T16:52:46","guid":{"rendered":"http:\/\/www.fisiveneto.com\/?p=2118"},"modified":"2018-12-17T16:52:46","modified_gmt":"2018-12-17T16:52:46","slug":"trofeo-delle-dolomiti-le-classifiche","status":"publish","type":"post","link":"https:\/\/comitati.fisi.org\/veneto\/blog\/2018\/12\/17\/trofeo-delle-dolomiti-le-classifiche\/","title":{"rendered":"Trofeo delle Dolomiti, le classifiche di fondo e alpino"},"content":{"rendered":"\n<p>Va al Veneto la prima edizione del Trofeo delle Dolomiti, evento dedicato agli sport delle neve e del ghiaccio proposto dal 14 al 16 dicembre scorsi tra Falcade e Alleghe dal Coni Veneto. La rappresentativa veneta ha preceduto Trento, Friuli Venezia Giulia e Bolzano. A Falcade si sono disputate le gare dello sci di fondo e dello sci alpino mentre ad Alleghe si sono svolte le partite del torneo di hockey e le prove di pattinaggio.<br>Durante la cerimonia di chiusura, svoltasi ad Alleghe, presidente del Coni Veneto, Gianfranco Bardelle, ha ringraziato tutti coloro che hanno collaborato alla prima edizione dell&#8217;evento, sottolineando come \u00abl\u2019anno prossimo il Trofeo delle Dolomiti verr\u00e0 organizzato dal Coni di Trento e nel 2020 diventer\u00e0 una manifestazione nazionale, col nome di Trofeo Invernale Coni Kinder + Sport, come gi\u00e0 da qualche anno viene fatto per l\u2019analoga manifestazione estiva. Sono pienamente soddisfatto di questa esperienza\u00bb.<br>In allegato le graduatorie dello sci alpino e dello sci di fondo.<\/p>\n\n\n\n<div class=\"wp-block-button\"><a class=\"wp-block-button__link\" href=\"http:\/\/www.fisiveneto.com\/wp-content\/uploads\/2018\/12\/classifica-GS-M-15.12.2018-TROFEO-DOLOMITI.xlsx\">Classifica GS m<\/a><\/div>\n\n\n\n<div class=\"wp-block-button\"><a class=\"wp-block-button__link\" href=\"http:\/\/www.fisiveneto.com\/wp-content\/uploads\/2018\/12\/classifica-G.S-F-15.12.2018-TROFEO-DOLOMITI.xlsx\">Classifica GS f<\/a><\/div>\n\n\n\n<div class=\"wp-block-button\"><a class=\"wp-block-button__link\" href=\"http:\/\/www.fisiveneto.com\/wp-content\/uploads\/2018\/12\/classifica-TL-M-16.12.2018-TROFEO-DOLOMITI.xlsx\">Classifica TL m<\/a><\/div>\n\n\n\n<div class=\"wp-block-button\"><a class=\"wp-block-button__link\" href=\"http:\/\/www.fisiveneto.com\/wp-content\/uploads\/2018\/12\/classifica-TL-F-16.12.2018-TROFEO-DOLOMITI.xlsx\">Classifica TL f<\/a><\/div>\n","protected":false},"excerpt":{"rendered":"<p>Va al Veneto la prima edizione del Trofeo delle Dolomiti, evento dedicato agli sport delle neve e del ghiaccio proposto dal 14 al 16 dicembre scorsi tra Falcade e Alleghe dal Coni Veneto. La rappresentativa veneta ha preceduto Trento, Friuli Venezia Giulia e Bolzano. A Falcade si sono disputate le gare dello sci di fondo e dello sci alpino mentre&hellip;<\/p>\n","protected":false},"author":4,"featured_media":2161,"comment_status":"closed","ping_status":"open","sticky":false,"template":"","format":"standard","meta":{"_acf_changed":false,"footnotes":""},"categories":[9,15],"tags":[40,563,905],"acf":[],"_links":{"self":[{"href":"https:\/\/comitati.fisi.org\/veneto\/wp-json\/wp\/v2\/posts\/2118"}],"collection":[{"href":"https:\/\/comitati.fisi.org\/veneto\/wp-json\/wp\/v2\/posts"}],"about":[{"href":"https:\/\/comitati.fisi.org\/veneto\/wp-json\/wp\/v2\/types\/post"}],"author":[{"embeddable":true,"href":"https:\/\/comitati.fisi.org\/veneto\/wp-json\/wp\/v2\/users\/4"}],"replies":[{"embeddable":true,"href":"https:\/\/comitati.fisi.org\/veneto\/wp-json\/wp\/v2\/comments?post=2118"}],"version-history":[{"count":0,"href":"https:\/\/comitati.fisi.org\/veneto\/wp-json\/wp\/v2\/posts\/2118\/revisions"}],"wp:featuredmedia":[{"embeddable":true,"href":"https:\/\/comitati.fisi.org\/veneto\/wp-json\/wp\/v2\/media\/2161"}],"wp:attachment":[{"href":"https:\/\/comitati.fisi.org\/veneto\/wp-json\/wp\/v2\/media?parent=2118"}],"wp:term":[{"taxonomy":"category","embeddable":true,"href":"https:\/\/comitati.fisi.org\/veneto\/wp-json\/wp\/v2\/categories?post=2118"},{"taxonomy":"post_tag","embeddable":true,"href":"https:\/\/comitati.fisi.org\/veneto\/wp-json\/wp\/v2\/tags?post=2118"}],"curies":[{"name":"wp","href":"https:\/\/api.w.org\/{rel}","templated":true}]}}