{"id":2093,"date":"2018-12-17T12:56:22","date_gmt":"2018-12-17T12:56:22","guid":{"rendered":"http:\/\/www.fisiveneto.com\/?p=2093"},"modified":"2018-12-17T12:56:22","modified_gmt":"2018-12-17T12:56:22","slug":"un-buon-mancin-majoni-nella-due-giorni-di-ibu-junior-cup-2","status":"publish","type":"post","link":"https:\/\/comitati.fisi.org\/veneto\/blog\/2018\/12\/17\/un-buon-mancin-majoni-nella-due-giorni-di-ibu-junior-cup-2\/","title":{"rendered":"Un buon Mancin Majoni in Ibu Junior Cup"},"content":{"rendered":"\n<p>Buone prestazioni per Davide Mancin Majoni nel primo appuntamento di Ibu Junior Cup, andata in scena oggi e ieri a Lenzerheide (Svizzera).<br>Ieri nell&#8217;individuale, ha costo la 27.ma posizione, chiudendo al secondo posto tra gli italiani alle spalle di Patrick Braunhofer, vincitore. Nella sprint di oggi il cortinese dello Sci club Orsago ha invece chiuso 40.mo, terzo degli azzurri.<br>\u00abIl bilancio delle due giornate in Ibu Junior Cup di Davide \u00e8 senz&#8217;altro positivo\u00bb dice Pierino Fontana Hoffer, responsabile tecnico del biathlon di Fisi Veneto. \u00abDopo le gare di Coppa Italia anche in Ibu Cup ha dimostrato di essere in condizioni di forma eccellenti. Il lavoro portato avanti durante l&#8217;estate, anche con il preparatore Alessandro Bolzan, sta portando frutto. Davide \u00e8 davanti a diversi atleti azzurri e il fatto \u00e8 tanto pi\u00f9 importante in quanto lui \u00e8 civile mentre gli altri son appartenenti a corpi militari. Si sta impegnando a fondo, con determinazione, l&#8217;auspicio \u00e8 che possa vivere una stagione in linea con le sue ambizioni\u00bb.<br>Di seguito le classifiche<\/p>\n\n\n\n<div class=\"wp-block-button\"><a class=\"wp-block-button__link\" href=\"http:\/\/comitati.fisi.org\/veneto\/wp-content\/uploads\/sites\/39\/2018\/12\/Classifica-ufficiale-15.12.2018.pdf\">Classifica Ufficiale<\/a><\/div>\n\n\n\n<div class=\"wp-block-button\"><a class=\"wp-block-button__link\" href=\"http:\/\/comitati.fisi.org\/veneto\/wp-content\/uploads\/sites\/39\/2018\/12\/20181216-Classifica-ufficiale-GARA-2.pdf\">Classifica gara 2<\/a><\/div>\n\n\n\n<div class=\"wp-block-button\"><a class=\"wp-block-button__link\" href=\"http:\/\/comitati.fisi.org\/veneto\/wp-content\/uploads\/sites\/39\/2018\/12\/20181216-Classifica-ufficiale-SOMMA-gara-1-e-2.pdf\">Classifica totale<\/a><\/div>\n","protected":false},"excerpt":{"rendered":"<p>Buone prestazioni per Davide Mancin Majoni nel primo appuntamento di Ibu Junior Cup, andata in scena oggi e ieri a Lenzerheide (Svizzera).Ieri nell&#8217;individuale, ha costo la 27.ma posizione, chiudendo al secondo posto tra gli italiani alle spalle di Patrick Braunhofer, vincitore. Nella sprint di oggi il cortinese dello Sci club Orsago ha invece chiuso 40.mo, terzo degli azzurri.\u00abIl bilancio delle&hellip;<\/p>\n","protected":false},"author":4,"featured_media":2123,"comment_status":"closed","ping_status":"open","sticky":false,"template":"","format":"standard","meta":{"_acf_changed":false,"footnotes":""},"categories":[16,897],"tags":[215,896,649,898,899,900,349],"acf":[],"_links":{"self":[{"href":"https:\/\/comitati.fisi.org\/veneto\/wp-json\/wp\/v2\/posts\/2093"}],"collection":[{"href":"https:\/\/comitati.fisi.org\/veneto\/wp-json\/wp\/v2\/posts"}],"about":[{"href":"https:\/\/comitati.fisi.org\/veneto\/wp-json\/wp\/v2\/types\/post"}],"author":[{"embeddable":true,"href":"https:\/\/comitati.fisi.org\/veneto\/wp-json\/wp\/v2\/users\/4"}],"replies":[{"embeddable":true,"href":"https:\/\/comitati.fisi.org\/veneto\/wp-json\/wp\/v2\/comments?post=2093"}],"version-history":[{"count":0,"href":"https:\/\/comitati.fisi.org\/veneto\/wp-json\/wp\/v2\/posts\/2093\/revisions"}],"wp:featuredmedia":[{"embeddable":true,"href":"https:\/\/comitati.fisi.org\/veneto\/wp-json\/wp\/v2\/media\/2123"}],"wp:attachment":[{"href":"https:\/\/comitati.fisi.org\/veneto\/wp-json\/wp\/v2\/media?parent=2093"}],"wp:term":[{"taxonomy":"category","embeddable":true,"href":"https:\/\/comitati.fisi.org\/veneto\/wp-json\/wp\/v2\/categories?post=2093"},{"taxonomy":"post_tag","embeddable":true,"href":"https:\/\/comitati.fisi.org\/veneto\/wp-json\/wp\/v2\/tags?post=2093"}],"curies":[{"name":"wp","href":"https:\/\/api.w.org\/{rel}","templated":true}]}}