{"id":2059,"date":"2018-12-17T09:00:54","date_gmt":"2018-12-17T09:00:54","guid":{"rendered":"http:\/\/www.fisiveneto.com\/?p=2059"},"modified":"2018-12-17T09:00:54","modified_gmt":"2018-12-17T09:00:54","slug":"gp-lattebusche-finali-a-cortina-per-ledizione-41","status":"publish","type":"post","link":"https:\/\/comitati.fisi.org\/veneto\/blog\/2018\/12\/17\/gp-lattebusche-finali-a-cortina-per-ledizione-41\/","title":{"rendered":"Gp Lattebusche, finali a Cortina per l&#8217;edizione 41"},"content":{"rendered":"<p>Al cancelletto di partenza il Grand Prix Lattebusche numero 41. \u00c8 stata presentata sabato 15 dicembre, alla Birreria Pedavena di Pedavena (Belluno) l&#8217;edizione 2018-2019 dell&#8217;evento di Fisi Veneto dedicato ai giovanissimi dello sci alpino e dello sci di fondo, la \u201cpalestra\u201d per i Baby e i Cuccioli che si avvicinano all&#8217;agonismo sulla neve. Un sodalizio, quello tra il comitato regionale Fisi e la Lattebusche che lo scorso anno ha celebrato i quattro decenni di storia e che ora riparte, verso il mezzo secolo.<br>Le gare prenderanno il via a inizio gennaio nelle varie circoscrizioni per arrivare poi alla consueta finale regionale di inizio marzo. Come gi\u00e0 per la stagione passata anche per quella che sta per iniziare l&#8217;atto finale si svolger\u00e0 a Cortina. \u00abL&#8217;appuntamento \u00e8 per il 9 e 10 marzo, con il fondo a Fiames e con l&#8217;alpino a Pi\u00e8 Tofana, nell&#8217;area, in fase di sistemazione e ampliamento, che vedr\u00e0 lo svolgersi dei Mondiali del 2021\u00bb ha spiegato Igor Ghedina, presidente dello Sci club Cortina.\u00abVolentieri ci siamo messi a disposizione del comitato regionale per questo evento che rappresenta un ulteriore avvicinamento alla rassegna iridata che ci attende tra un paio di stagioni. In questa, oltre al Grand Prix, saremo coinvolti nell&#8217;organizzazione della Coppa del Mondo femminile, nelle gare Fis e, la settimana dopo il Lattebusche, dei Campionati italiani assoluti\u00bb.<\/p>\n<p>\u00abQuesto circuito continua a essere un momento fondamentale della nostra attivit\u00e0\u00bb ha detto il presidente di Fisi Veneto, Roberto Bortoluzzi. \u00abLe gare del Grand Prix sono un\u2019occasione importante per le ragazze e i ragazzi che si avvicinano allo sci e Lattebusche, che ha da tempo capito l&#8217;importanza di questo evento, e continua a credere in noi. Da pare nostra non possiamo che ringraziare, non solo per il supporto che fornisca ma anche per condividere la visione dello sport inteso come crescita globale prima che agonismo\u00bb.<\/p>\n<p>\u00abVogliamo valorizzare il territorio nel quale operiamo\u00bb cos\u00ec Matteo Bortoli, responsabile marketing di Lattebusche. \u00abIl Grand Prix \u00e8 per noi una grande opportunit\u00e0, nata, mi piace sottolinearlo, dalla felice intuizione di Ivano Giop quasi mezzo secolo fa\u00bb.<\/p>\n<p>Diversi gli interventi alla presentazione del Grand Prix Lattebusche a Pedavena: dal vice sindaco di Cortina, Luigi Alver\u00e0, al consigliere regionale Franco Gidoni, al consigliere nazionale Fisi Carlo Dal Pozzo. La vernice del Grand Prix Lattebusche ha visto anche la presentazione dell&#8217;agenda-calendario, prezioso strumento dove si possono trovare tutte le informazioni relative all\u2019attivit\u00e0 del comitato. La copertina di quest&#8217;anno \u00e8 stata realizzata da un giovane di Alleghe, Luca De Biasio.<\/p>\n\n[unitegallery lattebusche1819]\n\n\n\n<div class=\"wp-block-button\"><a class=\"wp-block-button__link\" href=\"http:\/\/www.telebelluno.it\/wp\/presentata-la-41esima-edizione-del-grand-prix-lattebusche\/\">Servizio TV Tele Belluno<\/a><\/div>\n","protected":false},"excerpt":{"rendered":"<p>Al cancelletto di partenza il Grand Prix Lattebusche numero 41. \u00c8 stata presentata sabato 15 dicembre, alla Birreria Pedavena di Pedavena (Belluno) l&#8217;edizione 2018-2019 dell&#8217;evento di Fisi Veneto dedicato ai giovanissimi dello sci alpino e dello sci di fondo, la \u201cpalestra\u201d per i Baby e i Cuccioli che si avvicinano all&#8217;agonismo sulla neve. Un sodalizio, quello tra il comitato regionale&hellip;<\/p>\n","protected":false},"author":4,"featured_media":2062,"comment_status":"closed","ping_status":"open","sticky":false,"template":"","format":"standard","meta":{"_acf_changed":false,"footnotes":""},"categories":[108,221,120,208,62,15,27,1],"tags":[894,161,895],"acf":[],"_links":{"self":[{"href":"https:\/\/comitati.fisi.org\/veneto\/wp-json\/wp\/v2\/posts\/2059"}],"collection":[{"href":"https:\/\/comitati.fisi.org\/veneto\/wp-json\/wp\/v2\/posts"}],"about":[{"href":"https:\/\/comitati.fisi.org\/veneto\/wp-json\/wp\/v2\/types\/post"}],"author":[{"embeddable":true,"href":"https:\/\/comitati.fisi.org\/veneto\/wp-json\/wp\/v2\/users\/4"}],"replies":[{"embeddable":true,"href":"https:\/\/comitati.fisi.org\/veneto\/wp-json\/wp\/v2\/comments?post=2059"}],"version-history":[{"count":0,"href":"https:\/\/comitati.fisi.org\/veneto\/wp-json\/wp\/v2\/posts\/2059\/revisions"}],"wp:featuredmedia":[{"embeddable":true,"href":"https:\/\/comitati.fisi.org\/veneto\/wp-json\/wp\/v2\/media\/2062"}],"wp:attachment":[{"href":"https:\/\/comitati.fisi.org\/veneto\/wp-json\/wp\/v2\/media?parent=2059"}],"wp:term":[{"taxonomy":"category","embeddable":true,"href":"https:\/\/comitati.fisi.org\/veneto\/wp-json\/wp\/v2\/categories?post=2059"},{"taxonomy":"post_tag","embeddable":true,"href":"https:\/\/comitati.fisi.org\/veneto\/wp-json\/wp\/v2\/tags?post=2059"}],"curies":[{"name":"wp","href":"https:\/\/api.w.org\/{rel}","templated":true}]}}