{"id":1927,"date":"2018-12-11T16:43:26","date_gmt":"2018-12-11T16:43:26","guid":{"rendered":"http:\/\/www.fisiveneto.com\/?p=1927"},"modified":"2018-12-11T16:43:26","modified_gmt":"2018-12-11T16:43:26","slug":"tricolori-di-sci-alpinismo-ecco-il-veneto-per-valtournenche","status":"publish","type":"post","link":"https:\/\/comitati.fisi.org\/veneto\/blog\/2018\/12\/11\/tricolori-di-sci-alpinismo-ecco-il-veneto-per-valtournenche\/","title":{"rendered":"Tricolori di sci alpinismo, ecco il Veneto per Valtournenche"},"content":{"rendered":"<p><img loading=\"lazy\" decoding=\"async\" class=\"size-medium wp-image-1929 alignleft\" src=\"http:\/\/www.fisiveneto.com\/wp-content\/uploads\/2018\/12\/ski_alp_2018_2019-300x200.jpg\" alt=\"\" width=\"300\" height=\"200\" srcset=\"https:\/\/comitati.fisi.org\/veneto\/wp-content\/uploads\/sites\/39\/2018\/12\/ski_alp_2018_2019-300x200.jpg 300w, https:\/\/comitati.fisi.org\/veneto\/wp-content\/uploads\/sites\/39\/2018\/12\/ski_alp_2018_2019.jpg 500w\" sizes=\"(max-width: 300px) 100vw, 300px\" \/>Da venerd\u00ec 14 a domenica 16 in Valtournenche (Aosta) si svolgeranno i Campionati italiani di scia alpinismo, vertical, sprint e staffetta.<br \/>\nQuesti i ragazzi del comitato regionale in gara: Mattia Tanara, Pietro Festini Purlan, Matteo Sostizzo, Enrico Loss, Beatrice Colleselli, Cristina Manaigo, Sara Mondin ed Elisa Presa.<br \/>\nI tecnici saranno Luca Palla e Francesco Tanara.<\/p>\n<p>Venerd\u00ec la prova Vertical prender\u00e0 il via alle ore 19.00 a Valtournenche dalla partenza della cabinovia, per le categorie maggiori il dislivello sar\u00e0 di 728 metri, mentre i giovani dovranno affrontare 465 metri di dislivello positivo con partenza dalla localit\u00e0 Pessey.<br \/>\nIl giorno successivo, sabato 15 dicembre, atleti e organizzazione si sposteranno a Breuil-Cervinia per la gara Sprint. Il tracciato di gara che vedr\u00e0 le prove di qualificazione, quarti, semifinali e finali sar\u00e0 disegnato a qualche centinaio di metri dal centro di Breuil-Cervinia, a sinistra del Campetto Cretaz sul muro Europa, decisione presa per dare la possibilit\u00e0 a tutti gli appassionati di seguire da vicino il Campionato Italiano.<br \/>\nDomenica mattina nella zona dove si \u00e8 disputata la gara Sprint si disputer\u00e0 la prova a staffetta.<br \/>\nPer il campionato italiano a staffetta, le squadre dovranno essere obbligatoriamente composte da atleti appartenenti allo stesso comitato regionale o allo stesso Gruppo Sportivo Nazionale Militare di Stato.<br \/>\nI Campionati italiani di scialpinismo sono organizzati dal Club des Sports e si avvalgono del supporto del Comune di Valturnenche, Funivie del Cervino e del Comitato Fisi Asiva.<\/p>\n","protected":false},"excerpt":{"rendered":"<p>Da venerd\u00ec 14 a domenica 16 in Valtournenche (Aosta) si svolgeranno i Campionati italiani di scia alpinismo, vertical, sprint e staffetta. Questi i ragazzi del comitato regionale in gara: Mattia Tanara, Pietro Festini Purlan, Matteo Sostizzo, Enrico Loss, Beatrice Colleselli, Cristina Manaigo, Sara Mondin ed Elisa Presa. I tecnici saranno Luca Palla e Francesco Tanara. Venerd\u00ec la prova Vertical prender\u00e0&hellip;<\/p>\n","protected":false},"author":4,"featured_media":1929,"comment_status":"open","ping_status":"open","sticky":false,"template":"","format":"standard","meta":{"_acf_changed":false,"footnotes":""},"categories":[39],"tags":[789,790,840,683,57,471,291,824],"acf":[],"_links":{"self":[{"href":"https:\/\/comitati.fisi.org\/veneto\/wp-json\/wp\/v2\/posts\/1927"}],"collection":[{"href":"https:\/\/comitati.fisi.org\/veneto\/wp-json\/wp\/v2\/posts"}],"about":[{"href":"https:\/\/comitati.fisi.org\/veneto\/wp-json\/wp\/v2\/types\/post"}],"author":[{"embeddable":true,"href":"https:\/\/comitati.fisi.org\/veneto\/wp-json\/wp\/v2\/users\/4"}],"replies":[{"embeddable":true,"href":"https:\/\/comitati.fisi.org\/veneto\/wp-json\/wp\/v2\/comments?post=1927"}],"version-history":[{"count":0,"href":"https:\/\/comitati.fisi.org\/veneto\/wp-json\/wp\/v2\/posts\/1927\/revisions"}],"wp:featuredmedia":[{"embeddable":true,"href":"https:\/\/comitati.fisi.org\/veneto\/wp-json\/wp\/v2\/media\/1929"}],"wp:attachment":[{"href":"https:\/\/comitati.fisi.org\/veneto\/wp-json\/wp\/v2\/media?parent=1927"}],"wp:term":[{"taxonomy":"category","embeddable":true,"href":"https:\/\/comitati.fisi.org\/veneto\/wp-json\/wp\/v2\/categories?post=1927"},{"taxonomy":"post_tag","embeddable":true,"href":"https:\/\/comitati.fisi.org\/veneto\/wp-json\/wp\/v2\/tags?post=1927"}],"curies":[{"name":"wp","href":"https:\/\/api.w.org\/{rel}","templated":true}]}}