{"id":1921,"date":"2018-12-11T16:09:43","date_gmt":"2018-12-11T16:09:43","guid":{"rendered":"http:\/\/www.fisiveneto.com\/?p=1921"},"modified":"2018-12-11T16:09:43","modified_gmt":"2018-12-11T16:09:43","slug":"snowboard-tre-giorni-intensissimi-per-la-coppa-del-mondo","status":"publish","type":"post","link":"https:\/\/comitati.fisi.org\/veneto\/blog\/2018\/12\/11\/snowboard-tre-giorni-intensissimi-per-la-coppa-del-mondo\/","title":{"rendered":"Snowboard, tre giorni intensissimi per la Coppa del Mondo"},"content":{"rendered":"<p><img loading=\"lazy\" decoding=\"async\" class=\"size-medium wp-image-1922 alignleft\" src=\"http:\/\/www.fisiveneto.com\/wp-content\/uploads\/2018\/12\/img99355-300x199.jpg\" alt=\"\" width=\"300\" height=\"199\" \/>La Coppa del Mondo di Snowboard arriva a Cortina d\u2019Ampezzo sabato 15 dicembre, con la prova di Gigante Parallelo organizzata sulla pista Tondi del Faloria: una tappa che \u00e8 diventata ormai una classica della tavola per Cortina, grazie anche alle 7 edizioni di Coppa Europa organizzate. Fiore all\u2019occhiello degli eventi FIS, la Coppa del Mondo di Snowboard si inserisce nella strada verso i Campionati del Mondo di Sci Alpino 2021, con una tappa che esalta la sinergia tra Fondazione Cortina 2021 e lo Snowboard Club Cortina, organizzatore dell\u2019appuntamento.<\/p>\n<p>Giunta alla sua quarta edizione, la prova ampezzana di Coppa del Mondo di Snowboard, che si svolger\u00e0 in notturna, potr\u00e0 essere seguita anche in diretta televisiva su Rai Sport dalle ore 17:00. L\u2019importanza dell\u2019appuntamento viene sottolineata anche dalla presenza a Cortina, gi\u00e0 da questi primi giorni della settimana, della delegazione responsabile dell\u2019organizzazione dello snowboard in occasione dei Giochi Olimpici Invernali Pechino 2022, in visita nella Conca per uno study group.<\/p>\n<p>L\u2019agenda della tappa \u00e8 fittissima: si inizia gioved\u00ec 13 dicembre con l\u2019arrivo a Cortina degli atleti internazionali che il giorno successivo, venerd\u00ec, alla vigilia della gara, dedicheranno il loro tempo agli allenamenti in pista dalle 9 alle 13 e che poi saranno a disposizione del pubblico alle 18.00 presso la palestra di roccia Cortina 360\u00b0 per un incontro con tutti gli appassionati. La gara si far\u00e0 sempre pi\u00f9 vicina quando, alle 18.30, verranno consegnati i pettorali: un momento molto sentito e seguito. La serata continuer\u00e0 alla palestra di roccia con musica e divertimento per celebrare un weekend unico.<\/p>\n<p>Sabato 15 dicembre la manifestazione entrer\u00e0 nel vivo, dalle 13 alle 15, con le qualifiche di Coppa del Mondo di Parallelo Gigante. Dalle 13 anche la musica sar\u00e0 protagonista con il dj set di Stefano Ferrari di Radio Company al rifugio Faloria presso l&#8217;Audi Snowlicious. Alle 17.00 le attesissime finali, che decreteranno chi salir\u00e0 sul podio di Cortina. Dopo le premiazioni, a fine gara, si salir\u00e0 al rifugio Faloria dove si potr\u00e0 celebrare il successo di una delle prove pi\u00f9 attese del calendario agonistico, circondati dalle meraviglie del panorama delle Dolomiti e accompagnati dalle 19.30 dall\u2019energia trascinante degli Sticky Fingers, tribute band Rolling Stone.<\/p>\n","protected":false},"excerpt":{"rendered":"<p>La Coppa del Mondo di Snowboard arriva a Cortina d\u2019Ampezzo sabato 15 dicembre, con la prova di Gigante Parallelo organizzata sulla pista Tondi del Faloria: una tappa che \u00e8 diventata ormai una classica della tavola per Cortina, grazie anche alle 7 edizioni di Coppa Europa organizzate. Fiore all\u2019occhiello degli eventi FIS, la Coppa del Mondo di Snowboard si inserisce nella&hellip;<\/p>\n","protected":false},"author":4,"featured_media":1922,"comment_status":"open","ping_status":"open","sticky":false,"template":"","format":"standard","meta":{"_acf_changed":false,"footnotes":""},"categories":[10,62,26],"tags":[535],"acf":[],"_links":{"self":[{"href":"https:\/\/comitati.fisi.org\/veneto\/wp-json\/wp\/v2\/posts\/1921"}],"collection":[{"href":"https:\/\/comitati.fisi.org\/veneto\/wp-json\/wp\/v2\/posts"}],"about":[{"href":"https:\/\/comitati.fisi.org\/veneto\/wp-json\/wp\/v2\/types\/post"}],"author":[{"embeddable":true,"href":"https:\/\/comitati.fisi.org\/veneto\/wp-json\/wp\/v2\/users\/4"}],"replies":[{"embeddable":true,"href":"https:\/\/comitati.fisi.org\/veneto\/wp-json\/wp\/v2\/comments?post=1921"}],"version-history":[{"count":0,"href":"https:\/\/comitati.fisi.org\/veneto\/wp-json\/wp\/v2\/posts\/1921\/revisions"}],"wp:featuredmedia":[{"embeddable":true,"href":"https:\/\/comitati.fisi.org\/veneto\/wp-json\/wp\/v2\/media\/1922"}],"wp:attachment":[{"href":"https:\/\/comitati.fisi.org\/veneto\/wp-json\/wp\/v2\/media?parent=1921"}],"wp:term":[{"taxonomy":"category","embeddable":true,"href":"https:\/\/comitati.fisi.org\/veneto\/wp-json\/wp\/v2\/categories?post=1921"},{"taxonomy":"post_tag","embeddable":true,"href":"https:\/\/comitati.fisi.org\/veneto\/wp-json\/wp\/v2\/tags?post=1921"}],"curies":[{"name":"wp","href":"https:\/\/api.w.org\/{rel}","templated":true}]}}