{"id":1905,"date":"2018-12-11T08:20:26","date_gmt":"2018-12-11T08:20:26","guid":{"rendered":"http:\/\/www.fisiveneto.com\/?p=1905"},"modified":"2018-12-11T08:20:26","modified_gmt":"2018-12-11T08:20:26","slug":"coppa-italia-ecco-i-convocati-per-riale","status":"publish","type":"post","link":"https:\/\/comitati.fisi.org\/veneto\/blog\/2018\/12\/11\/coppa-italia-ecco-i-convocati-per-riale\/","title":{"rendered":"Coppa Italia, ecco i convocati per Riale"},"content":{"rendered":"<p>Si torna in pista in Val Formazza per le gare di Coppa Italia Sportful e Coppa Italia Giovani Rode in programma nel fine settimana.<!--more--> La stessa localit\u00e0 che ha gi\u00e0 aperto la stagione nel weekend del 24 e del 25 novembre ospiter\u00e0 dunque una nuova tappa della competizione: le prove erano inizialmente previste a Sappada, ma la localit\u00e0 friulana ha dovuto rinunciare a causa dello scarso innevamento, cos\u00ec le stesse sono state spostate a Riale Formazza.<img loading=\"lazy\" decoding=\"async\" class=\"size-medium wp-image-1906 alignleft\" src=\"http:\/\/www.fisiveneto.com\/wp-content\/uploads\/2018\/12\/padola_7_gennaio_2018_elia_barp_rid-300x277.jpg\" alt=\"\" width=\"300\" height=\"277\" srcset=\"https:\/\/comitati.fisi.org\/veneto\/wp-content\/uploads\/sites\/39\/2018\/12\/padola_7_gennaio_2018_elia_barp_rid-300x277.jpg 300w, https:\/\/comitati.fisi.org\/veneto\/wp-content\/uploads\/sites\/39\/2018\/12\/padola_7_gennaio_2018_elia_barp_rid.jpg 485w\" sizes=\"(max-width: 300px) 100vw, 300px\" \/><\/p>\n<p>Sabato 15 dicembre si scia in tecnica Classica: si comincia dalla categoria Senior, alle 9.30 con la 15 km maschile e a seguire la 10 km femminile, poi tocca ad Under 20 e Under 18 misurarsi sui 10 km, per quanto riguarda gli uomini, e sui 5, per quanto riguarda le donne.Infine tocca agli Under 16, gara maschile di 7,5 km, quella femminile di 5 km. La cerimonia di premiazione si terr\u00e0 al termine del programma, in area arrivo. Domenica 16 dicembre le gare saranno in tecnica Libera, con la formula Handicap Start. Ancora una volta saranno i senior maschili a dare il via alla mattinata, con partenza alle 9.30 sulla distanza di 15 km, poi a seguire la senior femminile 10 km, U20\/18 maschile 10 km, U20\/18 femminile 5 km, U16 maschile 7,5 km e U16 femminile 5 km. Anche in questo caso le premiazioni saranno al termine delle gare in area arrivo.<\/p>\n<p>Questi\u00a0<b>i convocati<\/b>\u00a0per il comitato: Giacomo Schivo, Alex Massella, Leonardo Busin, Andrea Zorzi, Alex Serafin, Pietro Pomari, Matteo Grossule, Leonardo Saccardi, Riccardo Lorenzo Masiero, Filippo Sartori, Gabriele Carli, Stefano Carli, Elia Barp (<i>foto<\/i>), Luca Brancaleone, Davide Costantin, Nicol\u00f2 Rossi, Andrea Bompard, Mattia Simonetto, Stefano Dal Magro, Samuele Zaccaria, Mattia Dimai, Filippo Zangiacomi, Thomas Zovi, Emanuele Busin, Leonardo De Biasi, Leonardo Doro, Augusto Celon, Giulia Facen, Chiara De Cia, Maria Sole Cona, Alice Menegazzi, Jessica Pavan, Roberta Cenci, Iris De Martin, Giorgia Rigoni, Gioia Vagretti, Maria Stella Pellegrinon, Verena De Grandi, Francesca Simonetto, Eleonora Rech, Piera De Candido, Lucia De Lorenzo, Kristina Moretti, Antonella Dallago, Elenora Busin, Giulia Alver\u00e0, Rebecca Cesco, Alessia De Zolt Ponte.<\/p>\n","protected":false},"excerpt":{"rendered":"<p>Si torna in pista in Val Formazza per le gare di Coppa Italia Sportful e Coppa Italia Giovani Rode in programma nel fine settimana.<\/p>\n","protected":false},"author":4,"featured_media":1906,"comment_status":"open","ping_status":"open","sticky":false,"template":"","format":"standard","meta":{"_acf_changed":false,"footnotes":""},"categories":[1],"tags":[843,484,844,845,485,426,846,828,847,848,849,850,851,852,853,854,855,856,857,858,831,526,832,170,859,860,861,628,862,863,864,865,428,866,867,868,869,870,871,470,872,452,551,873,874,875,876,833],"acf":[],"_links":{"self":[{"href":"https:\/\/comitati.fisi.org\/veneto\/wp-json\/wp\/v2\/posts\/1905"}],"collection":[{"href":"https:\/\/comitati.fisi.org\/veneto\/wp-json\/wp\/v2\/posts"}],"about":[{"href":"https:\/\/comitati.fisi.org\/veneto\/wp-json\/wp\/v2\/types\/post"}],"author":[{"embeddable":true,"href":"https:\/\/comitati.fisi.org\/veneto\/wp-json\/wp\/v2\/users\/4"}],"replies":[{"embeddable":true,"href":"https:\/\/comitati.fisi.org\/veneto\/wp-json\/wp\/v2\/comments?post=1905"}],"version-history":[{"count":0,"href":"https:\/\/comitati.fisi.org\/veneto\/wp-json\/wp\/v2\/posts\/1905\/revisions"}],"wp:featuredmedia":[{"embeddable":true,"href":"https:\/\/comitati.fisi.org\/veneto\/wp-json\/wp\/v2\/media\/1906"}],"wp:attachment":[{"href":"https:\/\/comitati.fisi.org\/veneto\/wp-json\/wp\/v2\/media?parent=1905"}],"wp:term":[{"taxonomy":"category","embeddable":true,"href":"https:\/\/comitati.fisi.org\/veneto\/wp-json\/wp\/v2\/categories?post=1905"},{"taxonomy":"post_tag","embeddable":true,"href":"https:\/\/comitati.fisi.org\/veneto\/wp-json\/wp\/v2\/tags?post=1905"}],"curies":[{"name":"wp","href":"https:\/\/api.w.org\/{rel}","templated":true}]}}