{"id":1799,"date":"2018-12-07T16:02:45","date_gmt":"2018-12-07T16:02:45","guid":{"rendered":"http:\/\/www.fisiveneto.com\/?p=1799"},"modified":"2018-12-07T16:02:45","modified_gmt":"2018-12-07T16:02:45","slug":"snowboard-a-cortina-il-countdown","status":"publish","type":"post","link":"https:\/\/comitati.fisi.org\/veneto\/blog\/2018\/12\/07\/snowboard-a-cortina-il-countdown\/","title":{"rendered":"Snowboard a Cortina il countdown"},"content":{"rendered":"\n<p class=\"has-medium-font-size\"><strong>Snowabord, a Cortina inizia il conto alla rovescia<\/strong><\/p>\n\n\n\n<div class=\"wp-block-image\"><figure class=\"alignleft\"><img loading=\"lazy\" decoding=\"async\" width=\"300\" height=\"199\" src=\"http:\/\/comitati.fisi.org\/veneto\/wp-content\/uploads\/sites\/39\/2018\/12\/img87008.jpg\" alt=\"\" class=\"wp-image-1800\" \/><\/figure><\/div>\n\n\n\n<p class=\"has-small-font-size\">\n\nInizia ufficialmente il conto alla rovescia per la quarta edizione in notturna della Coppa del Mondo di Snowboard in programma a Cortina d\u2019Ampezzo il prossimo 15 dicembre, con la prova di Gigante Parallelo organizzata sulla pista Tondi del Faloria. Una tappa che \u00e8 diventata ormai una classica della tavola per Cortina, grazie anche alle 7 edizioni di Coppa Europa organizzate. Fiore all\u2019occhiello degli eventi Fis, la Coppa del Mondo di Snowboard si inserisce perfettamente in quella che \u00e8 definita \u201cla strada verso i Mondiali di sci del 2021 di Cortina\u201d.<\/p>\n\n\n\n<p class=\"has-small-font-size\">L\u2019appuntamento \u00e8 stato presentato oggi al Campo Base Fashion Weekend Sport, allestito alla partenza della funivia Faloria, alla presenza della Nazionale Italiana di Snowboard e del suo direttore tecnico Cesare Pisoni, con Denis Constantini &#8211; Presidente Snowboard Club Cortina, nei giorni in cui la localit\u00e0 ospita il Fashion Weekend, l\u2019evento pi\u00f9 mondano dell\u2019anno: l\u2019occasione per unire pi\u00f9 passioni, tra le quali shopping e sport.<\/p>\n\n\n\n<p class=\"has-small-font-size\">Giunta alla sua quarta edizione, la prova ampezzana di Coppa del Mondo di Snowboard \u00e8 organizzata dallo Snowboard Club Cortina e impegner\u00e0 i migliori specialisti dello snowboard, i campioni che terranno con il fiato sospeso e gli occhi puntati sul cronometro spettatori e fan da tutto il mondo, grazie alla diretta televisiva su Rai Sport alle ore 17:00. La prova, gi\u00e0 adrenalinica, sar\u00e0 resa ancora pi\u00f9 spettacolare dal fatto che si svolger\u00e0 in notturna, su una pista ben visibile dall\u2019intera conca di Cortina, grazie alla ormai pluriennale partnership con Disano.<\/p>\n\n\n\n<p class=\"has-small-font-size\">La Coppa del Mondo di Snowboard rappresenta un ulteriore appuntamento nel percorso che Cortina sta compiendo verso i Campionati del Mondo di Sci Alpino 2021; una tappa che esalta la sinergia tra Fondazione Cortina 2021 e i diversi comitati organizzatori degli eventi sportivi sul territorio, oltre che di valorizzazione delle competenze, potendo contare su un team che in buona parte \u00e8 gi\u00e0 operativo per la Coppa del Mondo di Sci. Proprio in virt\u00f9 del rapporto con Fondazione Cortina 2021, l\u2019organizzazione della manifestazione iridata di snowboard potr\u00e0 annoverare tra i suoi partner Audi \u2013Main Partner dell\u2019evento, il Consorzio Prosecco Doc e Lattebusche.<\/p>\n\n\n\n<p class=\"has-small-font-size\">Alla Coppa del Mondo di Gigante Parallelo prenderanno parte 150 atleti, provenienti da 20 nazioni, come Roland Fischnaller, veterano della squadra Azzurra, o Ester Ledecka, la medaglia olimpica 2018 nel PSG e nel SG di sci alpino, solo per citarne alcuni. Di casa, poi, la nazionale Azzurra, che nelle ultime tre edizioni di Cortina ha visto i suoi atleti sempre sul podio.<\/p>\n\n\n","protected":false},"excerpt":{"rendered":"<p>Snowabord, a Cortina inizia il conto alla rovescia Inizia ufficialmente il conto alla rovescia per la quarta edizione in notturna della Coppa del Mondo di Snowboard in programma a Cortina d\u2019Ampezzo il prossimo 15 dicembre, con la prova di Gigante Parallelo organizzata sulla pista Tondi del Faloria. Una tappa che \u00e8 diventata ormai una classica della tavola per Cortina, grazie&hellip;<\/p>\n","protected":false},"author":4,"featured_media":1800,"comment_status":"open","ping_status":"open","sticky":false,"template":"","format":"standard","meta":{"_acf_changed":false,"footnotes":""},"categories":[1],"tags":[87,633,836,837],"acf":[],"_links":{"self":[{"href":"https:\/\/comitati.fisi.org\/veneto\/wp-json\/wp\/v2\/posts\/1799"}],"collection":[{"href":"https:\/\/comitati.fisi.org\/veneto\/wp-json\/wp\/v2\/posts"}],"about":[{"href":"https:\/\/comitati.fisi.org\/veneto\/wp-json\/wp\/v2\/types\/post"}],"author":[{"embeddable":true,"href":"https:\/\/comitati.fisi.org\/veneto\/wp-json\/wp\/v2\/users\/4"}],"replies":[{"embeddable":true,"href":"https:\/\/comitati.fisi.org\/veneto\/wp-json\/wp\/v2\/comments?post=1799"}],"version-history":[{"count":0,"href":"https:\/\/comitati.fisi.org\/veneto\/wp-json\/wp\/v2\/posts\/1799\/revisions"}],"wp:featuredmedia":[{"embeddable":true,"href":"https:\/\/comitati.fisi.org\/veneto\/wp-json\/wp\/v2\/media\/1800"}],"wp:attachment":[{"href":"https:\/\/comitati.fisi.org\/veneto\/wp-json\/wp\/v2\/media?parent=1799"}],"wp:term":[{"taxonomy":"category","embeddable":true,"href":"https:\/\/comitati.fisi.org\/veneto\/wp-json\/wp\/v2\/categories?post=1799"},{"taxonomy":"post_tag","embeddable":true,"href":"https:\/\/comitati.fisi.org\/veneto\/wp-json\/wp\/v2\/tags?post=1799"}],"curies":[{"name":"wp","href":"https:\/\/api.w.org\/{rel}","templated":true}]}}