{"id":1628,"date":"2018-11-28T11:27:35","date_gmt":"2018-11-28T11:27:35","guid":{"rendered":"http:\/\/www.fisiveneto.com\/?p=1628"},"modified":"2018-11-28T11:27:35","modified_gmt":"2018-11-28T11:27:35","slug":"sc-limana","status":"publish","type":"post","link":"https:\/\/comitati.fisi.org\/veneto\/blog\/2018\/11\/28\/sc-limana\/","title":{"rendered":"Sc Limana"},"content":{"rendered":"\n<p><strong>Presentazione dell&#8217;attivit\u00e0 agonistica dello sci club Limana<\/strong><\/p>\n\n\n\n<div class=\"wp-block-image\"><figure class=\"aligncenter\"><img loading=\"lazy\" decoding=\"async\" width=\"500\" height=\"281\" src=\"http:\/\/comitati.fisi.org\/veneto\/wp-content\/uploads\/sites\/39\/2018\/11\/sc_limana_2018_2019.jpg\" alt=\"\" class=\"wp-image-1629\" srcset=\"https:\/\/comitati.fisi.org\/veneto\/wp-content\/uploads\/sites\/39\/2018\/11\/sc_limana_2018_2019.jpg 500w, https:\/\/comitati.fisi.org\/veneto\/wp-content\/uploads\/sites\/39\/2018\/11\/sc_limana_2018_2019-300x169.jpg 300w\" sizes=\"(max-width: 500px) 100vw, 500px\" \/><\/figure><\/div>\n\n\n\n<p class=\"has-small-font-size\">\u00c8 stata presentata lo scorso fine settimana la stagione 2018-2019 dello Sci club Limana. Sar\u00e0 ancora un&#8217;annata intensa quella del sodalizio presieduto da Florindo Zanon, impegnato sia sul fronte agonistico, con la partecipazione ai circuiti dello sci alpino Baby\/Cuccioli e Ragazzi\/Allievi, sia in ambito organizzativo. Tra le diverse iniziative, segnaliamo l&#8217;organizzazione dei corsi di Natale, in Nevegal, e quello di attivit\u00e0 pre agonistica, tra il Nevegal e Alleghe.<br>Per approfondimenti clicca\u00a0<a rel=\"noreferrer noopener\" href=\"http:\/\/sciclublimana.com\/online\/\" target=\"_blank\">qui<\/a>.<\/p>\n\n\n","protected":false},"excerpt":{"rendered":"<p>Presentazione dell&#8217;attivit\u00e0 agonistica dello sci club Limana \u00c8 stata presentata lo scorso fine settimana la stagione 2018-2019 dello Sci club Limana. Sar\u00e0 ancora un&#8217;annata intensa quella del sodalizio presieduto da Florindo Zanon, impegnato sia sul fronte agonistico, con la partecipazione ai circuiti dello sci alpino Baby\/Cuccioli e Ragazzi\/Allievi, sia in ambito organizzativo. Tra le diverse iniziative, segnaliamo l&#8217;organizzazione dei corsi&hellip;<\/p>\n","protected":false},"author":4,"featured_media":1629,"comment_status":"open","ping_status":"open","sticky":false,"template":"","format":"standard","meta":{"_acf_changed":false,"footnotes":""},"categories":[221,327],"tags":[134],"acf":[],"_links":{"self":[{"href":"https:\/\/comitati.fisi.org\/veneto\/wp-json\/wp\/v2\/posts\/1628"}],"collection":[{"href":"https:\/\/comitati.fisi.org\/veneto\/wp-json\/wp\/v2\/posts"}],"about":[{"href":"https:\/\/comitati.fisi.org\/veneto\/wp-json\/wp\/v2\/types\/post"}],"author":[{"embeddable":true,"href":"https:\/\/comitati.fisi.org\/veneto\/wp-json\/wp\/v2\/users\/4"}],"replies":[{"embeddable":true,"href":"https:\/\/comitati.fisi.org\/veneto\/wp-json\/wp\/v2\/comments?post=1628"}],"version-history":[{"count":0,"href":"https:\/\/comitati.fisi.org\/veneto\/wp-json\/wp\/v2\/posts\/1628\/revisions"}],"wp:featuredmedia":[{"embeddable":true,"href":"https:\/\/comitati.fisi.org\/veneto\/wp-json\/wp\/v2\/media\/1629"}],"wp:attachment":[{"href":"https:\/\/comitati.fisi.org\/veneto\/wp-json\/wp\/v2\/media?parent=1628"}],"wp:term":[{"taxonomy":"category","embeddable":true,"href":"https:\/\/comitati.fisi.org\/veneto\/wp-json\/wp\/v2\/categories?post=1628"},{"taxonomy":"post_tag","embeddable":true,"href":"https:\/\/comitati.fisi.org\/veneto\/wp-json\/wp\/v2\/tags?post=1628"}],"curies":[{"name":"wp","href":"https:\/\/api.w.org\/{rel}","templated":true}]}}