{"id":1621,"date":"2018-11-27T08:48:06","date_gmt":"2018-11-27T08:48:06","guid":{"rendered":"http:\/\/www.fisiveneto.com\/?p=1621"},"modified":"2018-11-27T08:48:06","modified_gmt":"2018-11-27T08:48:06","slug":"trofeo-delle-dolomiti","status":"publish","type":"post","link":"https:\/\/comitati.fisi.org\/veneto\/blog\/2018\/11\/27\/trofeo-delle-dolomiti\/","title":{"rendered":"Trofeo delle Dolomiti"},"content":{"rendered":"\n<p><strong>Dal 14 al 16 dicembre il Trofeo delle Dolomiti<\/strong><\/p>\n\n\n\n<div class=\"wp-block-image\"><figure class=\"aligncenter\"><img loading=\"lazy\" decoding=\"async\" width=\"500\" height=\"333\" src=\"http:\/\/comitati.fisi.org\/veneto\/wp-content\/uploads\/sites\/39\/2018\/11\/falcade_pista_fondo_2018.jpg\" alt=\"\" class=\"wp-image-1622\" srcset=\"https:\/\/comitati.fisi.org\/veneto\/wp-content\/uploads\/sites\/39\/2018\/11\/falcade_pista_fondo_2018.jpg 500w, https:\/\/comitati.fisi.org\/veneto\/wp-content\/uploads\/sites\/39\/2018\/11\/falcade_pista_fondo_2018-300x200.jpg 300w\" sizes=\"(max-width: 500px) 100vw, 500px\" \/><\/figure><\/div>\n\n\n\n<p class=\"has-small-font-size\">\n\nIl Coni regionale veneto in collaborazione con la Fisi e la Fisg organizza dal 14 al 16 dicembre prossimi la prima edizione del &#8220;Trofeo delle Dolomiti\u201d nelle localit\u00e0 di Falcade per alpino e fondo e ad Alleghe per l\u2019hockey e la danza su ghiaccio. Parteciperanno le rappresentative Coi di Bolzano, Trento, Friuli Venezia Giulia e Veneto.<\/p>\n\n\n\n<p class=\"has-small-font-size\">Programma:<br><strong>Venerd\u00ec 14 dicembre 2018<\/strong><br>Cerimonia di cpertura, con il raggruppamento degli atleti delle Regioni partecipanti, di fronte al Piazzale dello sport, alle ore 18,00, e in corteo dietro i gonfaloni, bandiere e la banda degli alpini, si porter\u00e0 al municipio di Falcade dove ci sar\u00e0 il palco per le autorit\u00e0, e il tripode che verr\u00e0 acceso da un tedoforo. Accensione prevista per le ore 18,30.<\/p>\n\n\n\n<p class=\"has-small-font-size\"><strong>Sabato 15 dicembre<\/strong><br>Dalle ore 10,00 sulla pista Panoramica di Falcade si disputer\u00e0 lo slalom gigante per le categorie Ragazzi.<br>Alle ore 09,00 alle ore 13,00 presso il palaghiaccio di Alleghe si terranno gare di pattinaggio artistico e il torneo di hockey U12.<br>Dalle ore 15,00 alle ore 19,00 presso il palaghiaccio di Alleghe proseguir\u00e0 il torneo di hockey U 12 con 4 squadre e pattinaggio artistico.<br>Alle ore 20,30 presso la palestra dello Ski College ci sar\u00e0 una serata ludico musicale per tutti i partecipanti alla manifestazione.<\/p>\n\n\n\n<p class=\"has-small-font-size\"><strong>Domenica 16 Dicembre<\/strong><br>Presso il palaghiaccio di Alleghe continueranno il torneo di hockey e legare di pattinaggio artistico, dalle ore 09,00 alle ore 13,00.<br>Dalle ore 10,00 alle 12,00 sulla Pista Piero Scola di Falcade, avr\u00e0 luogo la gara di fondo in tecnica libera per le categorie Ragazzi.<br>Dalle ore 10,00 alle 12,00 sulla pista Panoramica, si terr\u00e0 uno slalom gigante per tutti gli atleti che partecipano alla manifestazione. Tale slalom e facoltativo e non fa parte al Trofeo.&nbsp;<br>Alle 14.00 il corteo degli atleti con i rispettivi cartelli delle Regioni, partir\u00e0 dal piazzale dell&#8217;hotel Sporting Europa, raggiunger\u00e0 il piazzale del palaghiaccio dove si effettueranno le premiazioni e lo spegnimento del tripode a chiusura del I\u00b0 Trofeo delle Dolomiti.<br>Le premiazioni si effettueranno nel piazzale del palaghiaccio alle ore 15,00, e verranno premiati i primi tre atleti per categoria per il fondo e l\u2019alpino, le squadre di hockey, le prime cinque di pattinaggio artistico, i primi dieci classificati determineranno la classifica generale che andr\u00e0 a premiare la Regione vincitrice del I\u00b0 Trofeo delle Dolomiti.&nbsp;<br>Il Comitato Veneto Coni si riserva di apportare al programma tutte le modifiche necessarie per la migliore riuscita della manifestazione.<\/p>\n\n\n\n<p class=\"has-small-font-size\"><strong>In allegato le selezioni regionali Fisi per il fondo e l&#8217;alpino.Per quanto riguarda l&#8217;alpino si fa presente che la lista dei convocati \u00e8 stata fatta sulla base dei risultati della stagione 2017\/18. Il responsabile regionale verificher\u00e0 la disponibilit\u00e0 degli atleti convocati a partecipare, procedendo in caso di rinuncia alle sostituzioni.<\/strong><\/p>\n\n\n\n<div class=\"wp-block-button\"><a class=\"wp-block-button__link\" href=\"http:\/\/www.fisiveneto.com\/wp-content\/uploads\/2018\/11\/convocati_trofeo_delle_dolomiti_2018_alpino.pdf\">Convocati Sci Alpino<\/a><\/div>\n\n\n\n<div class=\"wp-block-button\"><a class=\"wp-block-button__link\" href=\"http:\/\/www.fisiveneto.com\/wp-content\/uploads\/2018\/11\/elenco_ragazzi_per_trofeo_dolomiti_19_11_2018_fondo.pdf\">Convocati Fondo<\/a><\/div>\n\n\n","protected":false},"excerpt":{"rendered":"<p>Dal 14 al 16 dicembre il Trofeo delle Dolomiti Il Coni regionale veneto in collaborazione con la Fisi e la Fisg organizza dal 14 al 16 dicembre prossimi la prima edizione del &#8220;Trofeo delle Dolomiti\u201d nelle localit\u00e0 di Falcade per alpino e fondo e ad Alleghe per l\u2019hockey e la danza su ghiaccio. Parteciperanno le rappresentative Coi di Bolzano, Trento,&hellip;<\/p>\n","protected":false},"author":4,"featured_media":1622,"comment_status":"open","ping_status":"open","sticky":false,"template":"","format":"standard","meta":{"_acf_changed":false,"footnotes":""},"categories":[16,438,19],"tags":[563],"acf":[],"_links":{"self":[{"href":"https:\/\/comitati.fisi.org\/veneto\/wp-json\/wp\/v2\/posts\/1621"}],"collection":[{"href":"https:\/\/comitati.fisi.org\/veneto\/wp-json\/wp\/v2\/posts"}],"about":[{"href":"https:\/\/comitati.fisi.org\/veneto\/wp-json\/wp\/v2\/types\/post"}],"author":[{"embeddable":true,"href":"https:\/\/comitati.fisi.org\/veneto\/wp-json\/wp\/v2\/users\/4"}],"replies":[{"embeddable":true,"href":"https:\/\/comitati.fisi.org\/veneto\/wp-json\/wp\/v2\/comments?post=1621"}],"version-history":[{"count":0,"href":"https:\/\/comitati.fisi.org\/veneto\/wp-json\/wp\/v2\/posts\/1621\/revisions"}],"wp:featuredmedia":[{"embeddable":true,"href":"https:\/\/comitati.fisi.org\/veneto\/wp-json\/wp\/v2\/media\/1622"}],"wp:attachment":[{"href":"https:\/\/comitati.fisi.org\/veneto\/wp-json\/wp\/v2\/media?parent=1621"}],"wp:term":[{"taxonomy":"category","embeddable":true,"href":"https:\/\/comitati.fisi.org\/veneto\/wp-json\/wp\/v2\/categories?post=1621"},{"taxonomy":"post_tag","embeddable":true,"href":"https:\/\/comitati.fisi.org\/veneto\/wp-json\/wp\/v2\/tags?post=1621"}],"curies":[{"name":"wp","href":"https:\/\/api.w.org\/{rel}","templated":true}]}}