{"id":1587,"date":"2018-11-19T18:38:57","date_gmt":"2018-11-19T18:38:57","guid":{"rendered":"http:\/\/www.fisiveneto.com\/?p=1587"},"modified":"2018-11-19T18:38:57","modified_gmt":"2018-11-19T18:38:57","slug":"sofia-pizzato-in-coppa-europa","status":"publish","type":"post","link":"https:\/\/comitati.fisi.org\/veneto\/blog\/2018\/11\/19\/sofia-pizzato-in-coppa-europa\/","title":{"rendered":"Sofia Pizzato in Coppa Europa"},"content":{"rendered":"\n<p class=\"has-medium-font-size\"><strong>Esordio in Coppa Europa per Sofia Pizzato<\/strong><\/p>\n\n\n\n<div class=\"wp-block-image\"><figure class=\"aligncenter\"><img loading=\"lazy\" decoding=\"async\" width=\"800\" height=\"534\" src=\"http:\/\/comitati.fisi.org\/veneto\/wp-content\/uploads\/sites\/39\/2018\/11\/46456030_2007531622694442_6896562212777754624_n.jpg\" alt=\"\" class=\"wp-image-1588\" srcset=\"https:\/\/comitati.fisi.org\/veneto\/wp-content\/uploads\/sites\/39\/2018\/11\/46456030_2007531622694442_6896562212777754624_n.jpg 800w, https:\/\/comitati.fisi.org\/veneto\/wp-content\/uploads\/sites\/39\/2018\/11\/46456030_2007531622694442_6896562212777754624_n-300x200.jpg 300w, https:\/\/comitati.fisi.org\/veneto\/wp-content\/uploads\/sites\/39\/2018\/11\/46456030_2007531622694442_6896562212777754624_n-768x513.jpg 768w\" sizes=\"(max-width: 800px) 100vw, 800px\" \/><\/figure><\/div>\n\n\n\n<p class=\"has-small-font-size\">\n\nSono dieci le ragazze convocate per la prima trasferta di Coppa Europa della stagione in programma a Funesdalen, in Svezia, dove venerd\u00ec 30 novembre e sabato 1 dicembre (prima manche ore 10, seconda ore 13 in entrambi i casi) ci saranno due slalom giganti femminili consecutivi. Il coordinatore Alexander Prosch ha diramato la lista delle atlete che saranno al via: oltre a Lara Della Mea, Elena Sandulli, Luisa Bertani e Roberta Midali, che hanno avuto l&#8217;opportunit\u00e0 di partecipare anche al primo gigante di Coppa del mondo a S\u00f6lden lo scorso 27 ottobre, ci saranno anche Roberta Melesi, Jole Galli, Valentina Cillara Rossi, Sofia Pizzato, Marta Giunti ed Elisa Platino.<\/p>\n\n\n\n<p class=\"has-small-font-size\">Parte della squadra (Della Mea, Sandulli e Bertani) arriver\u00e0 in Svezia mercoled\u00ec 21 novembre con Carlotta Saracco e Celina Haller (che per\u00f2 andranno via marted\u00ec 27 e non parteciperanno alle gare); le altre saranno a Funesdalen domenica 25, tranne la Midali che raggiunger\u00e0 le compagne luned\u00ec 26. Nella scorsa stagione la migliore del gruppo fu Michela Azzola che chiuse undicesima nella gara inagurale vinta dall&#8217;austriaca Katharina Liensberger.<\/p>\n\n\n","protected":false},"excerpt":{"rendered":"<p>Esordio in Coppa Europa per Sofia Pizzato Sono dieci le ragazze convocate per la prima trasferta di Coppa Europa della stagione in programma a Funesdalen, in Svezia, dove venerd\u00ec 30 novembre e sabato 1 dicembre (prima manche ore 10, seconda ore 13 in entrambi i casi) ci saranno due slalom giganti femminili consecutivi. Il coordinatore Alexander Prosch ha diramato la&hellip;<\/p>\n","protected":false},"author":4,"featured_media":1588,"comment_status":"open","ping_status":"open","sticky":false,"template":"","format":"standard","meta":{"_acf_changed":false,"footnotes":""},"categories":[9,51,19],"tags":[818,819,820,821,192],"acf":[],"_links":{"self":[{"href":"https:\/\/comitati.fisi.org\/veneto\/wp-json\/wp\/v2\/posts\/1587"}],"collection":[{"href":"https:\/\/comitati.fisi.org\/veneto\/wp-json\/wp\/v2\/posts"}],"about":[{"href":"https:\/\/comitati.fisi.org\/veneto\/wp-json\/wp\/v2\/types\/post"}],"author":[{"embeddable":true,"href":"https:\/\/comitati.fisi.org\/veneto\/wp-json\/wp\/v2\/users\/4"}],"replies":[{"embeddable":true,"href":"https:\/\/comitati.fisi.org\/veneto\/wp-json\/wp\/v2\/comments?post=1587"}],"version-history":[{"count":0,"href":"https:\/\/comitati.fisi.org\/veneto\/wp-json\/wp\/v2\/posts\/1587\/revisions"}],"wp:featuredmedia":[{"embeddable":true,"href":"https:\/\/comitati.fisi.org\/veneto\/wp-json\/wp\/v2\/media\/1588"}],"wp:attachment":[{"href":"https:\/\/comitati.fisi.org\/veneto\/wp-json\/wp\/v2\/media?parent=1587"}],"wp:term":[{"taxonomy":"category","embeddable":true,"href":"https:\/\/comitati.fisi.org\/veneto\/wp-json\/wp\/v2\/categories?post=1587"},{"taxonomy":"post_tag","embeddable":true,"href":"https:\/\/comitati.fisi.org\/veneto\/wp-json\/wp\/v2\/tags?post=1587"}],"curies":[{"name":"wp","href":"https:\/\/api.w.org\/{rel}","templated":true}]}}