{"id":1143,"date":"2018-10-02T10:47:47","date_gmt":"2018-10-02T10:47:47","guid":{"rendered":"http:\/\/www.fisiveneto.com\/?p=1143"},"modified":"2018-10-02T10:47:47","modified_gmt":"2018-10-02T10:47:47","slug":"tricolori-ko-sprint","status":"publish","type":"post","link":"https:\/\/comitati.fisi.org\/veneto\/blog\/2018\/10\/02\/tricolori-ko-sprint\/","title":{"rendered":"Tricolori ko sprint"},"content":{"rendered":"\n<p class=\"has-small-font-size\">\n\nIl campionato italiano Sprint ritorna a Trento e come nell\u2019edizone del 2016 gli attori della finale assoluta sono gli stessi, cos\u00ec come i risultati. Emanuele Becchis (Ski Avis Borgo Libertas) si laurea Campione italiano della Ko sprint per la quinta volta, la medaglia d\u2019argento va all\u2019atleta di casa Alessio Berlanda (Team Futura) che proprio oggi ha compiuto 39 anni, medaglia di bronzo per Francesco Becchis.<\/p>\n\n\n\n<p class=\"has-small-font-size\">In campo femminile la vittoria \u00e8 andata a Lisa Bolzan (Sc Orsago) che ha preceduto la sorella Anna, 3\u00b0 Giulia Pedretti (Sc Marzola).<\/p>\n\n\n\n<p class=\"has-small-font-size\">Nei giovani i nuovi Campioni d\u2019Italia sono Michele Valerio (Us Carisolo) e Alba Mortagna (Sc Valdobbiadene) che correva con la fascia nera al braccio in segno di lutto per la scoparsa nella scorsa notte di Evio Tiozzo titolare di L\u2019Ess con i quali corre l\u2019atleta bellunese. All\u2019arrivo un braccio alzato ha voluto ricordare l\u2019amico Evio con un gesto di affetto.<\/p>\n\n\n\n<div class=\"wp-block-image\"><figure class=\"aligncenter\"><img decoding=\"async\" src=\"http:\/\/www.fisiveneto.com\/a8748e80-aace-40c1-a732-2c740558023b\" alt=\"\" \/><\/figure><\/div>\n\n\n\n<p class=\"has-small-font-size\">Nella categoria giovani maschili la medaglia d\u2019oro \u00e8 andata a sorpresa al trentino Michele Valerio che in finale ha avuto la meglio su Angelo Buttironi (Ubi Banca Goggi), bronzo per Gianmarco Gatti (Valle Anzasca). Medaglia d\u2019oro per Alba Mortagna (Sc Valdobbiadene) che ha vinto agevolmente in finale davanti a Chiara Becchis (Cs Carabinieri) e 3a Dana Tenze (Asd Mladina).<\/p>\n\n\n\n<p class=\"has-small-font-size\">Prima della gara con un minuto di silenzio tutti i concorrenti sul traguardo hanno ricordato Evio Tiozzo.<\/p>\n\n\n\n<p class=\"has-small-font-size\">Sono ormai cinque anni che la citt\u00e0 di Trento ospita eventi di skiroll, il merito va riconosciuto all\u2019Asd Charly Gaul che in questi anni, grazie alla collaborazione con l\u2019Apt di Trento, Monte Bondone e Valle dei Laghi, con l\u2019infaticabile lavoro della direttrice Elda Verones e del suo staff, non si \u00e8 mai tirata indietro nell\u2019organizzare eventi nazionali ed internazionali. Dal 2015 la sprint viene effettuata nel centro storico di Trento in via Santa Croce a quattro passi dal Doumo e nello stesso anno \u00e8 stata recuperata la prova di Coppa del Mondo, inizialmente prevista in Germania a Bad Peterstal e poi annullata per problemi organizzativi.<\/p>\n\n\n\n<p class=\"has-small-font-size\">Dunque Trento si candida tra le principali vetrine dello skiroll italiano. Portare lo skiroll in citt\u00e0 \u00e8 importante per far conoscere al pubblico un nuovo sport che va al di l\u00e0 dei molti conosciuti e largamente diffusi alla TV.<\/p>\n\n\n\n<p class=\"has-small-font-size\">Albo d\u2019oro KO SPRINT CAMPIONATI ITALIANI<\/p>\n\n\n\n<p class=\"has-small-font-size\">2018 EMANUELE BECCHIS \u2013 LISA BOLZAN<\/p>\n\n\n\n<p class=\"has-small-font-size\">2016 EMANUELE BECCHIS \u2013 LISA BOLZAN<\/p>\n\n\n\n<p class=\"has-small-font-size\">2015 EMANUELE BECCHIS \u2013 LISA BOLZAN<\/p>\n\n\n\n<p class=\"has-small-font-size\">2014 EMANUELE BECCHIS \u2013 LISA BOLZAN<\/p>\n\n\n\n<p class=\"has-small-font-size\">2013 EMANUELE BECCHIS \u2013 LISA BOLZAN<\/p>\n\n\n\n<p class=\"has-small-font-size\">2012 MIRCO CEOLAN \u2013 LISA BOLZAN<\/p>\n\n\n\n<p class=\"has-small-font-size\">2011 ALESSIO BERLANDA \u2013ELISA FULCHERI<\/p>\n\n\n\n<p class=\"has-small-font-size\">2010 ALESSIO BERLANDA \u2013 ANNA BOLZAN<\/p>\n\n\n\n<p class=\"has-small-font-size\">2009 EUGENIO BIANCHI \u2013 ANGELICA TAGLIATI<\/p>\n\n\n\n<p class=\"has-small-font-size\">2008 EMANUELE SBABO \u2013 MATEJA BOGATEC<\/p>\n\n\n\n<p class=\"has-small-font-size\">2007 DAVID BOGATEC &#8211; MATEJA BOGATEC<\/p>\n\n\n\n<p class=\"has-small-font-size\">2006 DAVID BOGATEC &#8211; MATEJA BOGATEC<\/p>\n\n\n\n<p class=\"has-small-font-size\">2005 DAVID BOGATEC &#8211; MATEJA BOGATEC<\/p>\n\n\n\n<p class=\"has-small-font-size\">2004 ROBERTO FERRACIN &#8211; MATEJA BOGATEC<\/p>\n\n\n\n<p class=\"has-small-font-size\">comunicato stampa\n\n<\/p>\n","protected":false},"excerpt":{"rendered":"<p>Il campionato italiano Sprint ritorna a Trento e come nell\u2019edizone del 2016 gli attori della finale assoluta sono gli stessi, cos\u00ec come i risultati. Emanuele Becchis (Ski Avis Borgo Libertas) si laurea Campione italiano della Ko sprint per la quinta volta, la medaglia d\u2019argento va all\u2019atleta di casa Alessio Berlanda (Team Futura) che proprio oggi ha compiuto 39 anni, medaglia&hellip;<\/p>\n","protected":false},"author":4,"featured_media":1144,"comment_status":"open","ping_status":"open","sticky":false,"template":"","format":"standard","meta":{"_acf_changed":false,"footnotes":""},"categories":[1],"tags":[],"acf":[],"_links":{"self":[{"href":"https:\/\/comitati.fisi.org\/veneto\/wp-json\/wp\/v2\/posts\/1143"}],"collection":[{"href":"https:\/\/comitati.fisi.org\/veneto\/wp-json\/wp\/v2\/posts"}],"about":[{"href":"https:\/\/comitati.fisi.org\/veneto\/wp-json\/wp\/v2\/types\/post"}],"author":[{"embeddable":true,"href":"https:\/\/comitati.fisi.org\/veneto\/wp-json\/wp\/v2\/users\/4"}],"replies":[{"embeddable":true,"href":"https:\/\/comitati.fisi.org\/veneto\/wp-json\/wp\/v2\/comments?post=1143"}],"version-history":[{"count":0,"href":"https:\/\/comitati.fisi.org\/veneto\/wp-json\/wp\/v2\/posts\/1143\/revisions"}],"wp:featuredmedia":[{"embeddable":true,"href":"https:\/\/comitati.fisi.org\/veneto\/wp-json\/wp\/v2\/media\/1144"}],"wp:attachment":[{"href":"https:\/\/comitati.fisi.org\/veneto\/wp-json\/wp\/v2\/media?parent=1143"}],"wp:term":[{"taxonomy":"category","embeddable":true,"href":"https:\/\/comitati.fisi.org\/veneto\/wp-json\/wp\/v2\/categories?post=1143"},{"taxonomy":"post_tag","embeddable":true,"href":"https:\/\/comitati.fisi.org\/veneto\/wp-json\/wp\/v2\/tags?post=1143"}],"curies":[{"name":"wp","href":"https:\/\/api.w.org\/{rel}","templated":true}]}}