{"id":3277,"date":"2026-08-26T04:36:15","date_gmt":"2026-08-26T04:36:15","guid":{"rendered":"https:\/\/comitati.fisi.org\/trentino\/?p=3277"},"modified":"2026-08-26T04:39:34","modified_gmt":"2026-08-26T04:39:34","slug":"zamboni-e-buio-dominano-la-coppa-del-mondo-di-combinata","status":"publish","type":"post","link":"https:\/\/comitati.fisi.org\/trentino\/blog\/2026\/08\/26\/zamboni-e-buio-dominano-la-coppa-del-mondo-di-combinata\/","title":{"rendered":"Zamboni e Buio dominano la Coppa del Mondo di combinata"},"content":{"rendered":"\n<p class=\"has-medium-font-size\">Sulla mitica, tecnica e ripidissima pista \u201cStreif\u201d dello sci d&#8217;erba di Rettenbach, in Austria, \u00e8 ripresa la Coppa del Mondo. Gli atleti trentini allenati dal tecnico della Nazionale, il Perginese\u00a0 Roberto Parisi sono stati ancora una volta i grandi protagonisti. Quest\u2019anno la carenza di piogge ha reso ancora pi\u00f9 insidioso il gi\u00e0 impegnativo tracciato, a tutto vantaggio dello spettacolo che ha coinvolto il numerosissimo e sempre competente pubblico austriaco.<br>Sabato, nel velocissimo SuperG femminile, la ceca \u0160\u00e1rka Abrahamov\u00e1 si \u00e8 imposta davanti alla connazionale Eli\u0161ka Rejchrtov\u00e1 e all&#8217;atleta di casa Lara Teynor. Undicesimo posto per Lisa Anastasia Lucchese (Falconeri Ski Team) e quattordicesimo per la levicense Federica Libardi. In campo maschile, vittoria dell\u2019austriaco Leopold Sch\u00f6n sul tedesco Marcel Knapp e sul \u201cCapitano\u201d della Nazionale, il Lombardo Lorenzo Gritti, terzo. Undicesimo il campigliano Filippo Zamboni, tredicesimo Daniele Buio (Sci Club Citt\u00e0 di Rovereto) e diciassettesimo il levicense Bryan Agostini.<br>In attesa del completamento della pista Vezzena \u2014 dove probabilmente nel 2028 lo Sci Club Levico avr\u00e0 l\u2019onore di organizzare una tappa di Coppa del Mondo \u2014 va sottolineato come gli atleti trentini non dispongano ancora di un tracciato adeguato per allenarsi nella disciplina del SuperG.<br>Dopo la gara di velocit\u00e0 si sono svolte le premiazioni finali della Coppa del Mondo di SuperG e Super Combinata. In quest&#8217;ultima specialit\u00e0 \u00e8 arrivato un podio in buona parte trentino: con 150 punti Filippo Zamboni ha primeggiato sul tedesco Marcel Knapp -punti 145-, mentre Daniele Buio ha conquistato il terzo posto con punti 94.<br>Domenica il clou della manifestazione. Come di consueto, il chiassoso e numeroso pubblico austriaco ha incitato tutti gli atleti in gara, nello slalom gigante, indistintamente. La prima manche, tracciata in modo molto tecnico ed impeccabile\u00a0 dall&#8217;allenatore Roberto Parisi, ha fatto grande selezione, permettendo agli atleti trentini di esaltare le proprie qualit\u00e0.<br>In campo femminile la vittoria \u00e8 andata alla ceca Eli\u0161ka Rejchrtov\u00e1, davanti all\u2019altra atleta di casa Tina Hetfleisch. Terzo posto e primo podio in Coppa del Mondo per Lisa Anastasia Lucchese, mentre Federica Libardi \u00e8 uscita nella prima manche. Tra gli uomini si \u00e8 imposto il tedesco Marcel Knapp, che per pochi centesimi ha preceduto il veneto Michael Bertagno; terzo gradino del podio per Filippo Zamboni, che ha realizzando in rimonta,\u00a0 il miglior tempo nella seconda manche-. Quinta posizione per Daniele Buio, mentre Bryan Agostini \u00e8 uscito nel corso della prima manche.<br>Terminata la competizione, negli stand allestiti nella zona d&#8217;arrivo spazio alla festa: grande allegria, musica e i sostanziosi piatti tipici del distretto di Oberwart, nel Burgenland, in attesa delle premiazioni.<br>A due gare dal termine della Coppa del Mondo \u2014 che si concluder\u00e0 in Trentino, in Predaia, il 19 e 20 settembre\u00a0 con un Gigante ed uno Slalom\u2014 la classifica generale femminile vede in testa con 710 punti la ceca Eli\u0161ka Rejchrtov\u00e1, seguita a quota 635 dall\u2019austriaca Tina Hetfleisch e dalla connazionale Lara Teynor (450 punti). Quinta posizione con 310 punti per Lisa Anastasia Lucchese e tredicesima con 106 punti per Federica Libardi.<br>La graduatoria maschile \u00e8 guidata dal tedesco Marcel Knapp (655 punti) davanti a Filippo Zamboni (492 punti) e al ceco Ale\u0161 Knor (399 punti). Quarto Daniele Buio a quota 328, quattordicesimo Bryan Agostini (174 punti), venticinquesimo il rivano Nathan Seganti (78 punti) e trentunesimo l\u2019altro atleta dello Sci Club Levico, Mattia Garollo (33 punti).<br>Il prossimo appuntamento \u00e8 fissato da venerd\u00ec 28 a domenica 30 agosto a Tambre per i Campionati Italiani nelle tre specialit\u00e0 di Slalom Gigante, Slalom e SuperG, in concomitanza con tre gare internazionali FIS Junior.<br><br><a href=\"https:\/\/www.fis-ski.com\/DB\/general\/event-details.html?sectorcode=GS&amp;eventid=62755&amp;seasoncode=2027\"><strong>Le classifiche<\/strong><\/a><\/p>\n","protected":false},"excerpt":{"rendered":"<p>Fine settimana trionfale per i colori trentini in Coppa del Mondo di sci d&#8217;erba. A Rettenbach Filippo Zamboni conquista la Coppa di combinata con Daniele Buio terzo.<\/p>\n","protected":false},"author":28,"featured_media":3280,"comment_status":"open","ping_status":"open","sticky":false,"template":"","format":"standard","meta":{"_acf_changed":false,"footnotes":""},"categories":[7,5,6,1],"tags":[],"acf":[],"_links":{"self":[{"href":"https:\/\/comitati.fisi.org\/trentino\/wp-json\/wp\/v2\/posts\/3277"}],"collection":[{"href":"https:\/\/comitati.fisi.org\/trentino\/wp-json\/wp\/v2\/posts"}],"about":[{"href":"https:\/\/comitati.fisi.org\/trentino\/wp-json\/wp\/v2\/types\/post"}],"author":[{"embeddable":true,"href":"https:\/\/comitati.fisi.org\/trentino\/wp-json\/wp\/v2\/users\/28"}],"replies":[{"embeddable":true,"href":"https:\/\/comitati.fisi.org\/trentino\/wp-json\/wp\/v2\/comments?post=3277"}],"version-history":[{"count":2,"href":"https:\/\/comitati.fisi.org\/trentino\/wp-json\/wp\/v2\/posts\/3277\/revisions"}],"predecessor-version":[{"id":3281,"href":"https:\/\/comitati.fisi.org\/trentino\/wp-json\/wp\/v2\/posts\/3277\/revisions\/3281"}],"wp:featuredmedia":[{"embeddable":true,"href":"https:\/\/comitati.fisi.org\/trentino\/wp-json\/wp\/v2\/media\/3280"}],"wp:attachment":[{"href":"https:\/\/comitati.fisi.org\/trentino\/wp-json\/wp\/v2\/media?parent=3277"}],"wp:term":[{"taxonomy":"category","embeddable":true,"href":"https:\/\/comitati.fisi.org\/trentino\/wp-json\/wp\/v2\/categories?post=3277"},{"taxonomy":"post_tag","embeddable":true,"href":"https:\/\/comitati.fisi.org\/trentino\/wp-json\/wp\/v2\/tags?post=3277"}],"curies":[{"name":"wp","href":"https:\/\/api.w.org\/{rel}","templated":true}]}}