{"id":2793,"date":"2026-03-14T15:57:08","date_gmt":"2026-03-14T15:57:08","guid":{"rendered":"https:\/\/comitati.fisi.org\/trentino\/?p=2793"},"modified":"2026-03-14T15:58:19","modified_gmt":"2026-03-14T15:58:19","slug":"orsi-doro-trettel-dargento-e-ganz-di-bronzo-a-passo-cereda","status":"publish","type":"post","link":"https:\/\/comitati.fisi.org\/trentino\/blog\/2026\/03\/14\/orsi-doro-trettel-dargento-e-ganz-di-bronzo-a-passo-cereda\/","title":{"rendered":"Orsi d&#8217;oro, Trettel d&#8217;argento e Ganz di bronzo a Passo Cereda"},"content":{"rendered":"\n<p class=\"has-medium-font-size\">Sono tutti nuovi i campioni italiani under 14 nell\u2019individuale a tecnica classica rispetto al prologo gimkana cross sprint di venerd\u00ec. A trionfare, al termine dei due giri del percorso sulla pista di Passo Cereda con l\u2019organizzazione curata dall\u2019Us Primiero, sono stati la trentina di Sant\u2019Antonio di Mavignola Sofia Orsi e il bormino Filippo Pedranzini. Se per il portacolori dello Sci club Alta Valtellina \u00e8 il primo podio tricolore quest\u2019anno per l\u2019alfiere dell\u2019Us Carisolo questa affermazione risulta di grande spessore e giunge dopo l\u2019argento ottenuto nella sprint, certificando il livello tecnico di Sofia, considerando inoltre che ha preceduto tutte le avversarie pur essendo al primo anno di categoria. Per il Comitato Trentino in particolar modo \u00e8 stata una seconda giornata di gare di grande soddisfazione, visto che sono giunte ben 3 medaglie complessive, grazie anche all&#8217;argento di Davide Trettel del Cermis e il bronzo di Stefano Ganz del Primiero. Inoltre il Trentino \u00e8 secondo nella graduatoria per Comitati.<br>La promettente ragazza rendenese ha concluso i 4 km del percorso con il tempo di 13\u201923\u201d, riuscendo ad avere la meglio per soli 2 secondi sulla veronese di Rover\u00e8 Anna Massella capace di sorprendere tutti visto che \u00e8 partita con un pettorale altissimo e nessuno si aspettava il suo exploit. Sul terzo gradino del podio, a 8 secondi, \u00e8 invece giunta la bergamasca dello Sci club Gromo Elisa Bonacorsi, quindi quarta a 20 secondi Vanessa Dadi\u00e8 dello Sci club Cortina, seguita dalla campionessa italiana sprint Anna Profanter del Seiser Alm e dalle due sciatrici valdostane, entrambe dello Sci club Torgnon Duepuntozero, Jacqueline Bagnod e Viola Bochicchio.<br>Nella sfida al maschile, sulla distanza dei 5 km, il neo campione italiano Filippo Pedranzini ha concluso con l\u2019eccellente tempo di 15\u201902\u201d, infliggendo 21 secondi al fiemmese di Cavalese Davide Trettel (secondo argento di fila per lui) e 32 secondi per l\u2019atleta di casa Stefano Ganz dell\u2019Us Primiero, partito pure lui con un pettorale alto ma realizzando una prestazione tutta d\u2019attacco e spodestando dal podio per soli 3 secondi il valdostano Thierry Besenval dello Sci club Fallere che era praticamente gi\u00e0 pronto a festeggiare. In quinta piazza poi l\u2019atleta veneto Thomas Manea dell\u2019Asiago, seguito dal campione italiano di gimkana cross Nicol\u00f2 Piller Cottrer e dalla coppia fomata a Matias Piazza del Gardena e Giovanni Bonaldi del Valserina, autori dell\u2019identica prestazione cronometrica.<br>Grande entusiasmo anche nella seconda giornata per la miglior giovent\u00f9 dello sport, che vede affrontarsi sulle piste di Passo Cereda, nella valle del Primiero, oltre 270 sciatori provenienti da 12 Comitati Fisi d&#8217;Italia. Da parte di tutte le rappresentative sono giunti numerosi complimenti anche al Comitato Organizzatore, che ha come coordinatore dell&#8217;evento Claudio Zanetel, e che si \u00e8 potuto realizzare anche grazie al prezioso contributo dell&#8217;Apt San Martino di Castrozza, Passo Rolle, Primiero e Vanoi, dei Comuni di Primiero San Martino di Castrozza, Imer e Mezzano, dalla Comunit\u00e0 e Comuni del Primiero, da Primiero Energia, da Itas Mutua e da FPB Cassa.<br>Nella classifica per Comitati hanno primeggiato le Alpi Centrali, realizzando ben 1947 punti, seguite dal Comitato Trentino con 1370, dal Veneto con 1180, dalla Valle d&#8217;Aosta con 1092 e dall&#8217;Alto Adige con 644.<br>Domani (domenica 15 marzo) il gran finale con la staffetta mista a skating composta da 2 concorrenti maschi e da due concorrenti femmine sulla distanza dei 3,3km per frazionista, in rappresentanza dei 12 Comitati Fisi d\u2019Italia che proporranno comunque pi\u00f9 di una squadra. Lo start alle 9,30, con premiazioni in pista.<\/p>\n\n\n\n<p class=\"has-medium-font-size\"><a href=\"https:\/\/comunicati.pegasomedia.it\/comunicatistampa\/50\/553\/all\/Classifica%5Fufficiale.pdf\"><strong>La classifica della gara individuale<\/strong><\/a><br><a href=\"https:\/\/comunicati.pegasomedia.it\/comunicatistampa\/50\/553\/all\/CLASSIFICA%5FCOMITATI.pdf\"><strong>La classifica per Comitati FISI<\/strong><\/a><\/p>\n","protected":false},"excerpt":{"rendered":"<p>Giornata da incorniciare a Passo Cereda per il Comitato Trentino, che ha centrato ben tre medaglie ai campionati italiani under 14 di sci di fondo grazie all&#8217;oro di Sofia Orsi, all&#8217;argento di Davide Trettel e al bronzo di Stefano Ganz.<\/p>\n","protected":false},"author":28,"featured_media":2794,"comment_status":"open","ping_status":"open","sticky":false,"template":"","format":"standard","meta":{"_acf_changed":false,"footnotes":""},"categories":[7,5,6],"tags":[],"acf":[],"_links":{"self":[{"href":"https:\/\/comitati.fisi.org\/trentino\/wp-json\/wp\/v2\/posts\/2793"}],"collection":[{"href":"https:\/\/comitati.fisi.org\/trentino\/wp-json\/wp\/v2\/posts"}],"about":[{"href":"https:\/\/comitati.fisi.org\/trentino\/wp-json\/wp\/v2\/types\/post"}],"author":[{"embeddable":true,"href":"https:\/\/comitati.fisi.org\/trentino\/wp-json\/wp\/v2\/users\/28"}],"replies":[{"embeddable":true,"href":"https:\/\/comitati.fisi.org\/trentino\/wp-json\/wp\/v2\/comments?post=2793"}],"version-history":[{"count":2,"href":"https:\/\/comitati.fisi.org\/trentino\/wp-json\/wp\/v2\/posts\/2793\/revisions"}],"predecessor-version":[{"id":2797,"href":"https:\/\/comitati.fisi.org\/trentino\/wp-json\/wp\/v2\/posts\/2793\/revisions\/2797"}],"wp:featuredmedia":[{"embeddable":true,"href":"https:\/\/comitati.fisi.org\/trentino\/wp-json\/wp\/v2\/media\/2794"}],"wp:attachment":[{"href":"https:\/\/comitati.fisi.org\/trentino\/wp-json\/wp\/v2\/media?parent=2793"}],"wp:term":[{"taxonomy":"category","embeddable":true,"href":"https:\/\/comitati.fisi.org\/trentino\/wp-json\/wp\/v2\/categories?post=2793"},{"taxonomy":"post_tag","embeddable":true,"href":"https:\/\/comitati.fisi.org\/trentino\/wp-json\/wp\/v2\/tags?post=2793"}],"curies":[{"name":"wp","href":"https:\/\/api.w.org\/{rel}","templated":true}]}}