{"id":2776,"date":"2026-03-13T15:18:51","date_gmt":"2026-03-13T15:18:51","guid":{"rendered":"https:\/\/comitati.fisi.org\/trentino\/?p=2776"},"modified":"2026-03-13T15:18:52","modified_gmt":"2026-03-13T15:18:52","slug":"davide-trettel-e-sofia-orsi-dargento-nella-gimkana-di-passo-cereda","status":"publish","type":"post","link":"https:\/\/comitati.fisi.org\/trentino\/blog\/2026\/03\/13\/davide-trettel-e-sofia-orsi-dargento-nella-gimkana-di-passo-cereda\/","title":{"rendered":"Davide Trettel e Sofia Orsi d&#8217;argento nella gimkana di Passo Cereda"},"content":{"rendered":"\n<p class=\"has-medium-font-size\">\u00c8 stato il giorno del riscatto per Nicol\u00f2 Piller Cottrer, figlio dell\u2019olimpionico Pietro, e per Anna Profanter rispettivamente argento e bronzo dodici mesi fa nella gimkana cross tricolore under 14 di sci di fondo e finalmente campioni italiani nel 2026.<br>L\u2019incoronazione \u00e8 giunta a Passo Cereda, nel Primiero, dove \u00e8 andata in scena la prima giornata del fine settimana che assegner\u00e0 complessivamente 5 titoli nazionali con in gara 274 giovani sciatori provenienti da 12 Comitati Fisi d\u2019Italia.<br>Sia il sappadino alfiere dell\u2019Asd Camosci, che ha compiuto 14 anni pochi giorni fa, sia l\u2019altoatesina di Castelrotto che difende i colori dell\u2019Amateur Sport Seiser Alm hanno dimostrato di saper gestire una gara tattica come la gimkana sprint, pur non avendo fatto registrare il miglior tempo nella qualifica individuale. Nel prologo infatti i pi\u00f9 veloci erano risultati il fiemmese di Cavalese Davide Trettel dell\u2019Usd Cermis e la rendenese di Sant\u2019Antonio Mavignola Sofia Orsi, figlia dell\u2019ex discesista Cinzia Franchini, che nella finale hanno concluso entrambi al secondo posto centrando la medaglia d\u2019argento di giornata, e perdendo l\u2019arrivo allo sprint con i rivali. Le due medaglie di bronzo, conquistate dopo un arrivo in volata, sono state invece appannaggio del bormino dello Sci club Alta Valtellina Christian Confortola e dell\u2019udinese di Enemonzo Vanessa Piccolo del Gruppo Sciatori Edelweiss.<br>Giornata di sport dinamica quella proposta dagli organizzatori dell\u2019Us Primiero, capaci di allestire un percorso di 1100 metri particolarmente tecnico, all\u2019interno del quale sono stati inserite figure propedeutiche per il gesto atletico come lo slalom in piano e in salita, la retromarcia, sottopassaggi, un tratto fuoripista, curve e paraboliche e pure dei salti.<br>Erano poi approdati in finale, grazie ad un eccellente qualifica fra i primi sei anche il piemontese Gioele Pellegrino dell\u2019Entraque Alpi Marittime e l\u2019altoatesina Ronja Zemmer del Seiser Alm, i due atleti di casa Stefano Ganz e Gaia Debertolis (sfortunatamente caduta per ben due volte) dell\u2019Us Primiero, il valdostano Noah Desayeux dell\u2019Amis De Verrayes e la bergamasca Elisa Bonacorsi dello Sci club Gromo, che si sono classificati nell\u2019ordine dal quarto al sesto posto.<br>Domani, sabato 14 marzo, \u00e8 in programma la seconda giornata di sfide tricolori con le due gare individuali con partenza in linea a tecnica classica per la categoria femminile sulla distanza dei 4 km (2 di giri di un anello di 2 km) e per la categoria maschile sui 5 km (2 giri da 2,5 km). Partenza primo concorrente alle ore 9 al centro del fondo di Passo Cereda.<\/p>\n\n\n\n<p class=\"has-medium-font-size\"><a href=\"https:\/\/comunicati.pegasomedia.it\/comunicatistampa\/50\/553\/all\/Classifica%5Ftabellone%5FR%5FM%5FR%5FF.pdf\"><strong>Le classifiche<\/strong><\/a><\/p>\n","protected":false},"excerpt":{"rendered":"<p>Prima giornata di gare a Passo Cereda per i campionati italiani under 14 d sci di fondo con la gimkana cross vinta da Nicol\u00f2 Piller Cottrer e Anna Profanter. Per il Trentino subito due medaglie d&#8217;argento per merito di Davie Trettel e Sofia Orsi.<\/p>\n","protected":false},"author":28,"featured_media":2777,"comment_status":"open","ping_status":"open","sticky":false,"template":"","format":"standard","meta":{"_acf_changed":false,"footnotes":""},"categories":[7,5,6],"tags":[],"acf":[],"_links":{"self":[{"href":"https:\/\/comitati.fisi.org\/trentino\/wp-json\/wp\/v2\/posts\/2776"}],"collection":[{"href":"https:\/\/comitati.fisi.org\/trentino\/wp-json\/wp\/v2\/posts"}],"about":[{"href":"https:\/\/comitati.fisi.org\/trentino\/wp-json\/wp\/v2\/types\/post"}],"author":[{"embeddable":true,"href":"https:\/\/comitati.fisi.org\/trentino\/wp-json\/wp\/v2\/users\/28"}],"replies":[{"embeddable":true,"href":"https:\/\/comitati.fisi.org\/trentino\/wp-json\/wp\/v2\/comments?post=2776"}],"version-history":[{"count":1,"href":"https:\/\/comitati.fisi.org\/trentino\/wp-json\/wp\/v2\/posts\/2776\/revisions"}],"predecessor-version":[{"id":2778,"href":"https:\/\/comitati.fisi.org\/trentino\/wp-json\/wp\/v2\/posts\/2776\/revisions\/2778"}],"wp:featuredmedia":[{"embeddable":true,"href":"https:\/\/comitati.fisi.org\/trentino\/wp-json\/wp\/v2\/media\/2777"}],"wp:attachment":[{"href":"https:\/\/comitati.fisi.org\/trentino\/wp-json\/wp\/v2\/media?parent=2776"}],"wp:term":[{"taxonomy":"category","embeddable":true,"href":"https:\/\/comitati.fisi.org\/trentino\/wp-json\/wp\/v2\/categories?post=2776"},{"taxonomy":"post_tag","embeddable":true,"href":"https:\/\/comitati.fisi.org\/trentino\/wp-json\/wp\/v2\/tags?post=2776"}],"curies":[{"name":"wp","href":"https:\/\/api.w.org\/{rel}","templated":true}]}}