{"id":2744,"date":"2026-03-11T11:06:24","date_gmt":"2026-03-11T11:06:24","guid":{"rendered":"https:\/\/comitati.fisi.org\/trentino\/?p=2744"},"modified":"2026-03-14T20:59:59","modified_gmt":"2026-03-14T20:59:59","slug":"venerdi-kristian-ghedina-a-trento-presenta-il-suo-libro-e-il-suo-film","status":"publish","type":"post","link":"https:\/\/comitati.fisi.org\/trentino\/blog\/2026\/03\/11\/venerdi-kristian-ghedina-a-trento-presenta-il-suo-libro-e-il-suo-film\/","title":{"rendered":"Kristian Ghedina venerd\u00ec a Trento per il suo libro e il film sulla Streif"},"content":{"rendered":"\n<p class=\"has-medium-font-size\">A pochi giorni dalle emozioni olimpiche a Trento ci sar\u00e0 l\u2019opportunit\u00e0 di rivivere momenti memorabili sempre in tema sci alpino con il grande campione <strong>Kristian Ghedina<\/strong>. Il fuoriclasse ampezzano vincitore di due medaglie d\u2019argento (Saalbach 1991 e Sierra Nevada 1996) e una di bronzo (Sestriere 1997) ai campionati mondiali, nonch\u00e9 13 vittorie e 33 podi in Coppa del Mondo, incontrer\u00e0 tutti gli appassionati di sport in due slot diversi nella citt\u00e0 del Concilio nella giornata di venerd\u00ec 13 marzo.<br>Alle 18 presso lo spazio Ex Nicolini in piazza Cesare Battisti verr\u00e0 presentato il libro <strong>\u00abGhedo. Non ho fretta, ma vado veloce\u00bb<\/strong>, realizzato con la collaborazione di Lorenzo Fabiano (Edizioni Minerva 2025) e presentato assieme alla giornalista Fausta Slanzi. L\u2019accesso \u00e8 gratuito.<br><a href=\"https:\/\/www.visittrento.it\/it\/eventi\/gimme-five\/letteratura\/ghedo\"><strong>I DETTAGLI<\/strong><\/a><br><br>Pi\u00f9 tardi, alle ore 20,30, presso la Multisala Modena in via Francesco d\u2019Assisi verr\u00e0 proiettato il film <strong>\u00abStreif &#8211; One Hell of a Ride\u00bb <\/strong>che narra il mito della Hahnenkamm a Kitzb\u00fchel, la discesa libera pi\u00f9 affascinante e ricca di storia del circo Bianco. ll film racconta l&#8217;avvicinamento e la gara di cinque grandi sciatori durante la loro preparazione estiva, andando alla scoperta di tutto il duro lavoro necessario per mantenere ai livelli di eccellenza la pista <strong>Streif <\/strong>da parte dello staff, ma soprattutto si potr\u00e0 vivere la tensione che precede i momenti magici della gara, cercando di percepire le emozioni dei protagonisti e del desiderio pi\u00f9 grande di ogni sciatore: essere i pi\u00f9 veloci sulla Streif. Il film sar\u00e0 introdotto da Mauro Gervasini e in conclusione verr\u00e0 aperto un dialogo condotto da Virna Pierobon e con lo stesso <strong>Kristian Ghedina<\/strong>, che vinse solo una volta a  Kitzb\u00fchel: il 24 gennaio 1998. Il film \u00e8 consigliato per persone oltre i 14 anni.<br><a href=\"https:\/\/www.visittrento.it\/it\/eventi\/gimme-five\/cinema\/streif-one-hell-of-a-ride\"><strong>I DETTAGLI<\/strong><\/a><\/p>\n","protected":false},"excerpt":{"rendered":"<p>Venerd\u00ec 13 marzo Kristian Ghedina sar\u00e0 a Trento per presentare il libro \u00abGhedo. Non ho fretta ma vado veloce\u00bb, ma anche per la proiezione del film \u00abStreif &#8211; One Hell of a Ride\u00bb<\/p>\n","protected":false},"author":28,"featured_media":2751,"comment_status":"open","ping_status":"open","sticky":false,"template":"","format":"standard","meta":{"_acf_changed":false,"footnotes":""},"categories":[7,8],"tags":[],"acf":[],"_links":{"self":[{"href":"https:\/\/comitati.fisi.org\/trentino\/wp-json\/wp\/v2\/posts\/2744"}],"collection":[{"href":"https:\/\/comitati.fisi.org\/trentino\/wp-json\/wp\/v2\/posts"}],"about":[{"href":"https:\/\/comitati.fisi.org\/trentino\/wp-json\/wp\/v2\/types\/post"}],"author":[{"embeddable":true,"href":"https:\/\/comitati.fisi.org\/trentino\/wp-json\/wp\/v2\/users\/28"}],"replies":[{"embeddable":true,"href":"https:\/\/comitati.fisi.org\/trentino\/wp-json\/wp\/v2\/comments?post=2744"}],"version-history":[{"count":8,"href":"https:\/\/comitati.fisi.org\/trentino\/wp-json\/wp\/v2\/posts\/2744\/revisions"}],"predecessor-version":[{"id":2758,"href":"https:\/\/comitati.fisi.org\/trentino\/wp-json\/wp\/v2\/posts\/2744\/revisions\/2758"}],"wp:featuredmedia":[{"embeddable":true,"href":"https:\/\/comitati.fisi.org\/trentino\/wp-json\/wp\/v2\/media\/2751"}],"wp:attachment":[{"href":"https:\/\/comitati.fisi.org\/trentino\/wp-json\/wp\/v2\/media?parent=2744"}],"wp:term":[{"taxonomy":"category","embeddable":true,"href":"https:\/\/comitati.fisi.org\/trentino\/wp-json\/wp\/v2\/categories?post=2744"},{"taxonomy":"post_tag","embeddable":true,"href":"https:\/\/comitati.fisi.org\/trentino\/wp-json\/wp\/v2\/tags?post=2744"}],"curies":[{"name":"wp","href":"https:\/\/api.w.org\/{rel}","templated":true}]}}