{"id":1807,"date":"2025-07-10T10:17:03","date_gmt":"2025-07-10T10:17:03","guid":{"rendered":"https:\/\/comitati.fisi.org\/trentino\/?p=1807"},"modified":"2025-07-10T12:34:16","modified_gmt":"2025-07-10T12:34:16","slug":"se-ne-e-andato-alceo-pastore-storico-presidente-del-fassa","status":"publish","type":"post","link":"https:\/\/comitati.fisi.org\/trentino\/blog\/2025\/07\/10\/se-ne-e-andato-alceo-pastore-storico-presidente-del-fassa\/","title":{"rendered":"Ci ha lasciati Alceo Pastore, storico presidente dello Ski Team Fassa"},"content":{"rendered":"\n<p class=\"has-medium-font-size\">Ci ha lasciati Alceo Pastore, storico e innovativo presidente dello Ski Team Fassa, che raggiunge cos\u00ec in cielo l\u2019amata Elke compagna di tante sfide di vita e di sport. All\u2019et\u00e0 di 90 anni si \u00e8 spento uno straordinario dirigente sportivo, nativo del Lago di Garda e poi trasferitosi a Moena per avventurarsi in una nuova sfida, ovvero gestire il primo impianto di risalita al Passo Pordoi realizzato dalla ditta Nascivera alla fine del 1964. Per lui inizi\u00f2 un percorso imprenditoriale che lo port\u00f2 successivamente ad un allargamento societario, partecipando poi all\u2019innovativo progetto del Consorzio Dolomiti Superski.<br>Alceo ebbe sempre una grande passione per il mondo dello sport, in primis quello dei motori ereditato dal pap\u00e0, e poi vivendo in un ambiente sciistico non esit\u00f2 ad avvicinare i figli Cesare e Marco al mondo agonistico, con ottimi risultati tant\u2019\u00e8 che Cesare \u00e8 stato per anni anche allenatore delle nazionali italiane e Marco ha pure gareggiato in Coppa del Mondo di sci alpino. Entrambi lavorano ancora nel mondo degli sport invernali.<br>Fu uno degli artefici, fondatori e primo presidente del progetto Ski Team Fassa, che nel 1980 cre\u00f2 una squadra agonistica di alto livello della categoria giovani, incorporando e gestendo gli atleti degli sci club di valle Gs Vajolet, Sc Marmolada e Monti Pallidi. Fu un\u2019idea innovativa che aveva come obiettivo, peraltro riuscito, quello di formare e traghettare gli sciatori pi\u00f9 talentuosi alle nazionali, della categoria pi\u00f9 dispendiosa  per le societ\u00e0 e le famiglie. Un progetto fra l\u2019alto voluto e sostenuto anche dai sindaci dei Comuni della valle e dalla Societ\u00e0 Consorzio Impianti a Fune della Val di Fassa, che consentiva di ottimizzare risorse e di condividere iniziative dedicate alla crescita dei futuri campioni dello sci. In pochi anni lo Ski Team Fassa divenne un punto di riferimento per il mondo degli sport invernali della valle, del Trentino e di tutta Italia, ampliando l\u2019attivit\u00e0 a tutte le categorie e alzando l\u2019asticella anche dal punto di vista organizzativo. Pi\u00f9 volte risult\u00f2 la miglior societ\u00e0 sportiva civile d\u2019Italia nella graduatoria della Federazione Italiana Sport Invernali e nel febbraio 2001 si ciment\u00f2 nella prima edizione della Coppa Europa maschile. Fu l\u2019inizio di una storia che ha poi portato all\u2019organizzazione di ben 22 edizioni della competizione continentale, ma pure delle Universiadi del 2013, dei Mondiali Junior del 2019 e all\u2019esordio della Coppa del Mondo nel 2021. Il suo Ski Team Fassa ha organizzato anche tante edizioni di campionati italiani: children, aspiranti, giovani e assoluti.<br>Sempre presente con il suo distinguibile colbacco nero nel parterre delle gare che si organizzavano sulla pista Aloch, di fronte alla sede del suo Ski Team Fassa, \u00e8 sempre stato un grande innovatore, tant\u2019\u00e8 che all\u2019inizio avvi\u00f2 con il suo staff un progetto tecnico e scientifico particolare slegato dal Comitato Trentino, per poi allinearsi e contribuire con competenza ed eleganza a condividere tutti i progetti Fisi, diventando anche consigliere della Federsci provinciale.<br>\u00abDa presidente dello Ski Team Fassa \u2013 aveva dichiarato Alceo in un\u2019intervista per un progetto di comunicazione video ideato dall\u2019ufficio stampa del Comitato Trentino assieme alla Fondazione Museo Storico del Trentino \u2013 mi sono preso delle grandissime soddisfazioni, lavorando con collaboratori straordinari, ma ci sono stati anche momenti difficili. Ho dovuto lottare con tante piccole incomprensioni che spesso si creano in comunit\u00e0 piccola come quella della Val di Fassa, grazie a tanta pazienza, ma pure ad un po\u2019 di polso in certe occasioni\u00bb.<br>Grazie alla sua visione, alla sua capacit\u00e0 di gestione e condivisione lo Ski Team Fassa anno dopo anno ha fatto crescere tanti giovani sciatori, che hanno avuto palcoscenici mondiali. Su tutte le 4 vittorie in Coppa del Mondo di Angelo Weiss, Chiara Costazza, Cristian Deville e Stefano Gross, portando in nazionale pi\u00f9 di 40 atleti. Alceo chiuse la sua esperienza come presidente dello Ski Team Fassa nel 2006, passando il testimone dopo 26 anni di straordinario lavoro a Giorgio Deluca, Successivamente il timone del sodalizio \u00e8 passato a Leonardo Bernard, Ivo Bernard e all\u2019attuale Lorenzo Cemin.<br>Dal mondo degli sport invernali, dirigenti, sci club e appassionati va un profondo grazie ad Alceo per la sua incomparabile dedizione per la crescita dei giovani e per l&#8217;organizzazione di grandi eventi, e a Cesare e Marco con le rispettive famiglie le pi\u00f9 sentite condolianze.<br>L&#8217;ultimo saluto ad Alceo sar\u00e0 venerd\u00ec 11 luglio alle ore 14,30 nella Chiesa Parrocchiale di Moena.<\/p>\n","protected":false},"excerpt":{"rendered":"<p>Si \u00e8 spento all&#8217;et\u00e0 di 90 anni il primo presidente dello Ski Team Fassa Alceo Pastore. Fu un innovatore creando una nuova realt\u00e0 sportiva negli anni 80, che ha portato eventi internazionali e pi\u00f9 di 40 atleti in nazionale<\/p>\n","protected":false},"author":28,"featured_media":1808,"comment_status":"open","ping_status":"open","sticky":false,"template":"","format":"standard","meta":{"_acf_changed":false,"footnotes":""},"categories":[7,4,8],"tags":[],"acf":[],"_links":{"self":[{"href":"https:\/\/comitati.fisi.org\/trentino\/wp-json\/wp\/v2\/posts\/1807"}],"collection":[{"href":"https:\/\/comitati.fisi.org\/trentino\/wp-json\/wp\/v2\/posts"}],"about":[{"href":"https:\/\/comitati.fisi.org\/trentino\/wp-json\/wp\/v2\/types\/post"}],"author":[{"embeddable":true,"href":"https:\/\/comitati.fisi.org\/trentino\/wp-json\/wp\/v2\/users\/28"}],"replies":[{"embeddable":true,"href":"https:\/\/comitati.fisi.org\/trentino\/wp-json\/wp\/v2\/comments?post=1807"}],"version-history":[{"count":12,"href":"https:\/\/comitati.fisi.org\/trentino\/wp-json\/wp\/v2\/posts\/1807\/revisions"}],"predecessor-version":[{"id":1827,"href":"https:\/\/comitati.fisi.org\/trentino\/wp-json\/wp\/v2\/posts\/1807\/revisions\/1827"}],"wp:featuredmedia":[{"embeddable":true,"href":"https:\/\/comitati.fisi.org\/trentino\/wp-json\/wp\/v2\/media\/1808"}],"wp:attachment":[{"href":"https:\/\/comitati.fisi.org\/trentino\/wp-json\/wp\/v2\/media?parent=1807"}],"wp:term":[{"taxonomy":"category","embeddable":true,"href":"https:\/\/comitati.fisi.org\/trentino\/wp-json\/wp\/v2\/categories?post=1807"},{"taxonomy":"post_tag","embeddable":true,"href":"https:\/\/comitati.fisi.org\/trentino\/wp-json\/wp\/v2\/tags?post=1807"}],"curies":[{"name":"wp","href":"https:\/\/api.w.org\/{rel}","templated":true}]}}