{"id":17278,"date":"2026-03-13T14:29:01","date_gmt":"2026-03-13T14:29:01","guid":{"rendered":"https:\/\/comitati.fisi.org\/liguria\/?p=17278"},"modified":"2026-03-13T14:29:01","modified_gmt":"2026-03-13T14:29:01","slug":"aggiornamenti-al-calendario-di-coppa-liguria-e-gare-di-qualificazione-a-manifestazioni-nazionali","status":"publish","type":"post","link":"https:\/\/comitati.fisi.org\/liguria\/blog\/2026\/03\/13\/aggiornamenti-al-calendario-di-coppa-liguria-e-gare-di-qualificazione-a-manifestazioni-nazionali\/","title":{"rendered":"Aggiornamenti al Calendario di Coppa Liguria e gare di Qualificazione a manifestazioni nazionali"},"content":{"rendered":"\n<p>Genova, l\u00ec 13\/03\/2026<\/p>\n\n\n\n<p>Si comunicano gli aggiornamenti al Calendario di Coppa Liguria e il conseguente aggiornamento delle gare di qualificazione a manifestazioni nazionali.\u00a0<\/p>\n\n\n\n<blockquote class=\"wp-block-quote is-layout-flow wp-block-quote-is-layout-flow\">\n<ul>\n<li>La Gara del 14\/03\/2026 a Santo Stefano d\u2019Aveto <strong>valida come Nuovo Format (Piedi Veloci) per Pulcini e Children<\/strong>\u00a0\u00e8 <strong>RINVIATA a data da comunicarsi<\/strong><\/li>\n\n\n\n<li>La Gara del 15\/03\/2026 a Santo Stefano d\u2019Aveto \u00a0<strong>(Slalom) per Pulcini, Children e Giovani \u00e8 RINVIATA<\/strong><\/li>\n\n\n\n<li>La Gara di <strong>SuperG<\/strong>\u00a0del 26-29\/01\/2026 valida come RQ_CHI si svolger\u00e0 <strong>Luned\u00ec-Marted\u00ec 16-17<\/strong>\u00a0(prova il 16 &#8211; gara il 17) <strong>marzo p.v. per la Categoria Ragazzi<\/strong>; <strong>Mercoled\u00ec 18\u00a0marzo p.v.<\/strong>\u00a0(prova e gara stesso giorno) <strong>per la Categoria Allievi<\/strong>\u00a0a <strong>Limone Piemonte<\/strong>.<\/li>\n\n\n\n<li>La Gara di<strong>\u00a0GS <\/strong>del 17-18\/01\/2026 <strong>valida come RQ_CHI e CR per Giovani e Master<\/strong>\u00a0si svolger\u00e0<strong>Sabato 21 marzo\u00a0p.v. <\/strong>a<strong>\u00a0Lurisia.\u00a0<\/strong><\/li>\n\n\n\n<li>La Gara di <strong>GS <\/strong>Finale di Coppa Liguria del 29\/03\/2026 <strong>valida come PI_PUL &#8211; RI_CHI &#8211; G_MAS<\/strong>, si svolger\u00e0 <strong>Sabato<\/strong>\u00a0<strong>28\u00a0marzo\u00a0p.v.<\/strong>\u00a0a<strong>\u00a0Lurisia.<\/strong><\/li>\n<\/ul>\n\n\n\n<p>Per le qualificazioni alle manifestazioni nazionali di categoria, si invita a tenere conto degli aggiornamenti sopra riportati, richiamando le norme di cui al Regolamento di Comitato Ligure 2025\/2026:<\/p>\n\n\n\n<p><strong>a) I SuperG del&nbsp;16 &#8211; 18 marzo 2026 a Limone Piemonte sono valide per la classifica di qualificazione al Campionato Italiano Children.<\/strong><\/p>\n\n\n\n<p><strong>b) Il GS del&nbsp;21 marzo 2026 a Lurisia \u00e8 valido per la classifica di qualificazione al Campionato Italiano Children.<\/strong><\/p>\n\n\n\n<p>N.B.: Per ogni ulteriore aggiornamento e possibili variazioni di programma, anche in considerazione delle previsioni meteo delle prossime ore, si ricorda di consultare il sito di Comitato: \u00a0<a href=\"https:\/\/urlsand.esvalabs.com\/?u=https%3A%2F%2Fcomitati.fisi.org%2Fliguria%2F&amp;e=87d71788&amp;h=5ad6e51d&amp;f=y&amp;p=y\" target=\"_blank\" rel=\"noreferrer noopener\">https:\/\/comitati.fisi.org\/liguria\/<\/a><\/p>\n\n\n\n<p>Sportivi saluti<\/p>\n<\/blockquote>\n","protected":false},"excerpt":{"rendered":"<p>Genova, l\u00ec 13\/03\/2026 Si comunicano gli aggiornamenti al Calendario di Coppa Liguria e il conseguente aggiornamento delle gare di qualificazione a manifestazioni nazionali.\u00a0<\/p>\n","protected":false},"author":18,"featured_media":16879,"comment_status":"open","ping_status":"open","sticky":false,"template":"","format":"standard","meta":{"_acf_changed":false,"footnotes":""},"categories":[7,3,4,9,5,14,6,8,1],"tags":[],"acf":[],"_links":{"self":[{"href":"https:\/\/comitati.fisi.org\/liguria\/wp-json\/wp\/v2\/posts\/17278"}],"collection":[{"href":"https:\/\/comitati.fisi.org\/liguria\/wp-json\/wp\/v2\/posts"}],"about":[{"href":"https:\/\/comitati.fisi.org\/liguria\/wp-json\/wp\/v2\/types\/post"}],"author":[{"embeddable":true,"href":"https:\/\/comitati.fisi.org\/liguria\/wp-json\/wp\/v2\/users\/18"}],"replies":[{"embeddable":true,"href":"https:\/\/comitati.fisi.org\/liguria\/wp-json\/wp\/v2\/comments?post=17278"}],"version-history":[{"count":2,"href":"https:\/\/comitati.fisi.org\/liguria\/wp-json\/wp\/v2\/posts\/17278\/revisions"}],"predecessor-version":[{"id":17287,"href":"https:\/\/comitati.fisi.org\/liguria\/wp-json\/wp\/v2\/posts\/17278\/revisions\/17287"}],"wp:featuredmedia":[{"embeddable":true,"href":"https:\/\/comitati.fisi.org\/liguria\/wp-json\/wp\/v2\/media\/16879"}],"wp:attachment":[{"href":"https:\/\/comitati.fisi.org\/liguria\/wp-json\/wp\/v2\/media?parent=17278"}],"wp:term":[{"taxonomy":"category","embeddable":true,"href":"https:\/\/comitati.fisi.org\/liguria\/wp-json\/wp\/v2\/categories?post=17278"},{"taxonomy":"post_tag","embeddable":true,"href":"https:\/\/comitati.fisi.org\/liguria\/wp-json\/wp\/v2\/tags?post=17278"}],"curies":[{"name":"wp","href":"https:\/\/api.w.org\/{rel}","templated":true}]}}