{"id":17058,"date":"2026-01-16T12:53:40","date_gmt":"2026-01-16T12:53:40","guid":{"rendered":"https:\/\/comitati.fisi.org\/liguria\/?p=17058"},"modified":"2026-01-16T16:41:52","modified_gmt":"2026-01-16T16:41:52","slug":"rinvio-nuovo-format-del-25-01-2026","status":"publish","type":"post","link":"https:\/\/comitati.fisi.org\/liguria\/blog\/2026\/01\/16\/rinvio-nuovo-format-del-25-01-2026\/","title":{"rendered":"Rinvio Nuovo Format del 25\/01\/2026"},"content":{"rendered":"<p>Si comunica che la gara Nuovo Format in calendario zonale il 25 gennaio p.v. \u00e8 RINVIATA alla data del 21 febbraio 2026 a Viola di SaintGre\u00e9.<\/p>\n<p>seguir\u00e0 programma gara<\/p>\n","protected":false},"excerpt":{"rendered":"<p>Si comunica che la gara Nuovo Format in calendario zonale il 25 gennaio p.v. \u00e8 RINVIATA alla data del 21 febbraio 2026 a Viola di SaintGre\u00e9. seguir\u00e0 programma gara<\/p>\n","protected":false},"author":18,"featured_media":16879,"comment_status":"open","ping_status":"open","sticky":false,"template":"","format":"standard","meta":{"_acf_changed":false,"footnotes":""},"categories":[7,3,4,9,5,14,6,8,1],"tags":[],"acf":[],"_links":{"self":[{"href":"https:\/\/comitati.fisi.org\/liguria\/wp-json\/wp\/v2\/posts\/17058"}],"collection":[{"href":"https:\/\/comitati.fisi.org\/liguria\/wp-json\/wp\/v2\/posts"}],"about":[{"href":"https:\/\/comitati.fisi.org\/liguria\/wp-json\/wp\/v2\/types\/post"}],"author":[{"embeddable":true,"href":"https:\/\/comitati.fisi.org\/liguria\/wp-json\/wp\/v2\/users\/18"}],"replies":[{"embeddable":true,"href":"https:\/\/comitati.fisi.org\/liguria\/wp-json\/wp\/v2\/comments?post=17058"}],"version-history":[{"count":1,"href":"https:\/\/comitati.fisi.org\/liguria\/wp-json\/wp\/v2\/posts\/17058\/revisions"}],"predecessor-version":[{"id":17059,"href":"https:\/\/comitati.fisi.org\/liguria\/wp-json\/wp\/v2\/posts\/17058\/revisions\/17059"}],"wp:featuredmedia":[{"embeddable":true,"href":"https:\/\/comitati.fisi.org\/liguria\/wp-json\/wp\/v2\/media\/16879"}],"wp:attachment":[{"href":"https:\/\/comitati.fisi.org\/liguria\/wp-json\/wp\/v2\/media?parent=17058"}],"wp:term":[{"taxonomy":"category","embeddable":true,"href":"https:\/\/comitati.fisi.org\/liguria\/wp-json\/wp\/v2\/categories?post=17058"},{"taxonomy":"post_tag","embeddable":true,"href":"https:\/\/comitati.fisi.org\/liguria\/wp-json\/wp\/v2\/tags?post=17058"}],"curies":[{"name":"wp","href":"https:\/\/api.w.org\/{rel}","templated":true}]}}