{"id":16938,"date":"2025-10-05T23:38:47","date_gmt":"2025-10-05T23:38:47","guid":{"rendered":"https:\/\/comitati.fisi.org\/liguria\/?p=16938"},"modified":"2025-10-05T23:57:50","modified_gmt":"2025-10-05T23:57:50","slug":"sabato-25-ottobre-a-finale-ligure-sv-premiazione-di-coppa-liguria","status":"publish","type":"post","link":"https:\/\/comitati.fisi.org\/liguria\/blog\/2025\/10\/05\/sabato-25-ottobre-a-finale-ligure-sv-premiazione-di-coppa-liguria\/","title":{"rendered":"Sabato 25 Ottobre a Finale Ligure (SV) Premiazione di Coppa Liguria"},"content":{"rendered":"\n<p>Appuntamento presso i Bagni Boncardo di Finale Ligure per Sabato 25 ottobre p.v., alle ore 16,30, per la Festa degli Sport Invernali della Fisi Liguria, con la Premiazione della Stagione 2024\/2025 degli Atleti, Societ\u00e0 e l&#8217;assegnazione dei titoli Regionali di specialit\u00e0 dello Sci Alpino.  Al termine sar\u00e0 servito un rinfresco benaugurante.<\/p>\n\n\n\n<p>Prima della premiazione, ci sar\u00e0 un incontro tra i Presidenti degli Sci Clubs e i Responsabili dello Sci Alpino del Comitato, per illustrare la programmazione dell&#8217;imminente Stagione 2025\/2026.<\/p>\n\n\n\n<p>fisiliguria<\/p>\n","protected":false},"excerpt":{"rendered":"<p>Appuntamento presso i Bagni Boncardo di Finale Ligure per Sabato 25 ottobre p.v., alle ore 16,30, per la Festa degli Sport Invernali della Fisi Liguria, con la Premiazione della Stagione 2024\/2025 degli Atleti, Societ\u00e0 e l&#8217;assegnazione dei titoli Regionali di specialit\u00e0 dello Sci Alpino. Al termine sar\u00e0 servito un rinfresco benaugurante. Prima della premiazione, ci sar\u00e0 un incontro tra i&hellip;<\/p>\n","protected":false},"author":18,"featured_media":16939,"comment_status":"open","ping_status":"open","sticky":false,"template":"","format":"standard","meta":{"_acf_changed":false,"footnotes":""},"categories":[7,3,4,9,6,8,1],"tags":[],"acf":[],"_links":{"self":[{"href":"https:\/\/comitati.fisi.org\/liguria\/wp-json\/wp\/v2\/posts\/16938"}],"collection":[{"href":"https:\/\/comitati.fisi.org\/liguria\/wp-json\/wp\/v2\/posts"}],"about":[{"href":"https:\/\/comitati.fisi.org\/liguria\/wp-json\/wp\/v2\/types\/post"}],"author":[{"embeddable":true,"href":"https:\/\/comitati.fisi.org\/liguria\/wp-json\/wp\/v2\/users\/18"}],"replies":[{"embeddable":true,"href":"https:\/\/comitati.fisi.org\/liguria\/wp-json\/wp\/v2\/comments?post=16938"}],"version-history":[{"count":4,"href":"https:\/\/comitati.fisi.org\/liguria\/wp-json\/wp\/v2\/posts\/16938\/revisions"}],"predecessor-version":[{"id":16944,"href":"https:\/\/comitati.fisi.org\/liguria\/wp-json\/wp\/v2\/posts\/16938\/revisions\/16944"}],"wp:featuredmedia":[{"embeddable":true,"href":"https:\/\/comitati.fisi.org\/liguria\/wp-json\/wp\/v2\/media\/16939"}],"wp:attachment":[{"href":"https:\/\/comitati.fisi.org\/liguria\/wp-json\/wp\/v2\/media?parent=16938"}],"wp:term":[{"taxonomy":"category","embeddable":true,"href":"https:\/\/comitati.fisi.org\/liguria\/wp-json\/wp\/v2\/categories?post=16938"},{"taxonomy":"post_tag","embeddable":true,"href":"https:\/\/comitati.fisi.org\/liguria\/wp-json\/wp\/v2\/tags?post=16938"}],"curies":[{"name":"wp","href":"https:\/\/api.w.org\/{rel}","templated":true}]}}