{"id":16714,"date":"2025-02-24T22:37:28","date_gmt":"2025-02-24T22:37:28","guid":{"rendered":"https:\/\/comitati.fisi.org\/liguria\/?p=16714"},"modified":"2025-02-24T22:42:11","modified_gmt":"2025-02-24T22:42:11","slug":"variazioni-al-calendario-di-coppa-liguria-e-modifica-modalita-di-qualificazione-pinocchio-e-criterium-cuccioli","status":"publish","type":"post","link":"https:\/\/comitati.fisi.org\/liguria\/blog\/2025\/02\/24\/variazioni-al-calendario-di-coppa-liguria-e-modifica-modalita-di-qualificazione-pinocchio-e-criterium-cuccioli\/","title":{"rendered":"Variazioni al Calendario di Coppa Liguria e Modifica Modalit\u00e0 di Qualificazione Pinocchio e Criterium Cuccioli"},"content":{"rendered":"<p class=\"x_elementToProof\" style=\"text-align: center\"><b><i data-olk-copy-source=\"MessageBody\">Federazione Italiana Sport Invernali<\/i><\/b><\/p>\n<p class=\"x_elementToProof\" style=\"text-align: center\"><b>Comitato Regionale Ligure<\/b><br \/>\n<b>Viale Padre Santo 1 \u2013 16122 Genova \u2013 Tel. 3204020596<\/b><br \/>\n<b>E-Mail<\/b><b>: <\/b><b>crli@fisi.org<\/b><b> &#8211; <\/b><b>Web<\/b><b>: <\/b><b><a id=\"OWA13061400-999a-a610-b2a9-6f8dcd8d2e3c\" class=\"x_OWAAutoLink\" title=\"https:\/\/comitati.fisi.org\/liguria\/\" href=\"https:\/\/comitati.fisi.org\/liguria\/\" target=\"_blank\" rel=\"noopener noreferrer\" data-auth=\"NotApplicable\" data-linkindex=\"0\">https:\/\/comitati.fisi.org\/liguria\/<\/a><\/b><\/p>\n<div id=\"x_Signature\" class=\"x_elementToProof\">\n<div align=\"center\">\n<hr align=\"center\" \/>\n<\/div>\n<div>Genova l\u00ec, 24\/02\/2025<\/div>\n<div><b><i>\u00a0<\/i><\/b><\/div>\n<div>Agli Sci Club Comitato Fisi Ligure<\/div>\n<div>Ai Consiglieri Regionali<\/div>\n<div>Ai Delegati Provinciali<\/div>\n<div><\/div>\n<div>Gentili Presidenti,<\/div>\n<div>a fronte dell&#8217;attuale situazione meteo, di innevamento di alcune stazioni e delle continue variazioni\u00a0 apportate al Calendario Zonale con l&#8217;annullamento \/ rinvio di gare per la qualificazione al Trofeo Pinocchio sugli Sci e per il Criterium Cuccioli, di cui:<\/div>\n<ul>\n<li>\n<div>Gara del 25\/01\/2025 <b>SL PI-PUL<\/b>, <b>ANNULLATA<\/b><\/div>\n<\/li>\n<li>\n<div>Gara del 23\/02\/2025 <b>valida come Nuovo Format<\/b>, <b>RINVIATA a data da destinarsi<\/b><\/div>\n<\/li>\n<li>\n<div>Gara del 28\/02\/2025<b> <\/b>(recupero del 07\/02\/2025)<b>\u00a0SL PI-PUL \/ RQ-CHI<\/b>, <b>RINVIATA a data da destinarsi<\/b><\/div>\n<\/li>\n<\/ul>\n<div>il Consiglio Regionale ha ritenuto necessario prevedere modifiche alla modalit\u00e0 di qualificazione alla finale della 43\u00b0 edizione del Trofeo &#8220;Pinocchio Sugli Sci&#8221;\u00a0 e per il Criterium Nazionale Cuccioli, con relativa variazione al Regolamento di Comitato.<\/div>\n<div><\/div>\n<div><span style=\"color: #0000ff\"><b><u>QUALIFICAZIONE alla 43^ Edizione del Trofeo &#8220;Pinocchio sugli Sci&#8221;<\/u><\/b><\/span><\/div>\n<div><span style=\"color: #993300\"><b>Viene tenuta conto la Classifica con la sola Gara del 15\/02\/2025 <\/b>disputata a Limone Piemonte.<\/span><\/div>\n<div>Seguir\u00e0 Comunicazione con i nominativi dei qualificati a cui si dovr\u00e0 dare riscontro della partecipazione entro venerd\u00ec 28 febbraio p.v.<\/div>\n<div><\/div>\n<div><span style=\"color: #0000ff\"><b><u>QUALIFICAZIONE al &#8220;Criterium Nazionale Cuccioli&#8221;<\/u><\/b><\/span><\/div>\n<div><span style=\"color: #993300\"><b><u>Partecipazione sulla base di una graduatoria che tiene conto della somma dei RISULTATI DELLE 3 GARE di seguito indicate:<\/u><\/b><\/span><\/div>\n<div>&#8211; 1^ Prova GSG PI-PUL del 19\/01\/2025 (disputata)<\/div>\n<div>&#8211; SL\u00a0 CR-PUL del 01\/03\/2025<\/div>\n<div>&#8211; Nuovo Format GSG del 15\/03\/2025<\/div>\n<div><\/div>\n<div><b>In caso di parit\u00e0 verranno presi in considerazione i migliori piazzamenti in slalom.<\/b><\/div>\n<div><b><u>N.B.: In caso di annullamento o spostamento delle gare ancora da disputare, la Commissione Discesa si riserva la facolt\u00e0 di modificare nuovamente il regolamento di cui sopra, previa approvazione del Consiglio Regionale.<\/u><\/b><\/div>\n<div><\/div>\n<pre>Sportivi saluti\n<b><i>f.to MIchele Torini<\/i><\/b>\n<b><i>Presidente - <\/i><\/b><b><i>Comitato Regionale Ligure F.I.S.I.\u00a0<\/i><\/b><\/pre>\n<p><b><img loading=\"lazy\" decoding=\"async\" class=\"alignnone  wp-image-16717\" src=\"http:\/\/comitati.fisi.org\/liguria\/wp-content\/uploads\/sites\/35\/2025\/02\/Logo-Fisi_Co.Li_.normale-300x284.jpg\" alt=\"\" width=\"142\" height=\"134\" srcset=\"https:\/\/comitati.fisi.org\/liguria\/wp-content\/uploads\/sites\/35\/2025\/02\/Logo-Fisi_Co.Li_.normale-300x284.jpg 300w, https:\/\/comitati.fisi.org\/liguria\/wp-content\/uploads\/sites\/35\/2025\/02\/Logo-Fisi_Co.Li_.normale.jpg 439w\" sizes=\"(max-width: 142px) 100vw, 142px\" \/><\/b><\/div>\n","protected":false},"excerpt":{"rendered":"<p>Federazione Italiana Sport Invernali Comitato Regionale Ligure Viale Padre Santo 1 \u2013 16122 Genova \u2013 Tel. 3204020596 E-Mail: crli@fisi.org &#8211; Web: https:\/\/comitati.fisi.org\/liguria\/ Genova l\u00ec, 24\/02\/2025 \u00a0 Agli Sci Club Comitato Fisi Ligure Ai Consiglieri Regionali Ai Delegati Provinciali Gentili Presidenti, a fronte dell&#8217;attuale situazione meteo, di innevamento di alcune stazioni e delle continue variazioni\u00a0 apportate al Calendario Zonale con l&#8217;annullamento&hellip;<\/p>\n","protected":false},"author":18,"featured_media":217,"comment_status":"open","ping_status":"open","sticky":true,"template":"","format":"standard","meta":{"_acf_changed":false,"footnotes":""},"categories":[7,3,4,9,14,6,8],"tags":[],"acf":[],"_links":{"self":[{"href":"https:\/\/comitati.fisi.org\/liguria\/wp-json\/wp\/v2\/posts\/16714"}],"collection":[{"href":"https:\/\/comitati.fisi.org\/liguria\/wp-json\/wp\/v2\/posts"}],"about":[{"href":"https:\/\/comitati.fisi.org\/liguria\/wp-json\/wp\/v2\/types\/post"}],"author":[{"embeddable":true,"href":"https:\/\/comitati.fisi.org\/liguria\/wp-json\/wp\/v2\/users\/18"}],"replies":[{"embeddable":true,"href":"https:\/\/comitati.fisi.org\/liguria\/wp-json\/wp\/v2\/comments?post=16714"}],"version-history":[{"count":2,"href":"https:\/\/comitati.fisi.org\/liguria\/wp-json\/wp\/v2\/posts\/16714\/revisions"}],"predecessor-version":[{"id":16718,"href":"https:\/\/comitati.fisi.org\/liguria\/wp-json\/wp\/v2\/posts\/16714\/revisions\/16718"}],"wp:featuredmedia":[{"embeddable":true,"href":"https:\/\/comitati.fisi.org\/liguria\/wp-json\/wp\/v2\/media\/217"}],"wp:attachment":[{"href":"https:\/\/comitati.fisi.org\/liguria\/wp-json\/wp\/v2\/media?parent=16714"}],"wp:term":[{"taxonomy":"category","embeddable":true,"href":"https:\/\/comitati.fisi.org\/liguria\/wp-json\/wp\/v2\/categories?post=16714"},{"taxonomy":"post_tag","embeddable":true,"href":"https:\/\/comitati.fisi.org\/liguria\/wp-json\/wp\/v2\/tags?post=16714"}],"curies":[{"name":"wp","href":"https:\/\/api.w.org\/{rel}","templated":true}]}}