{"id":10427,"date":"2026-04-28T18:15:23","date_gmt":"2026-04-28T18:15:23","guid":{"rendered":"https:\/\/comitati.fisi.org\/lazio-sardegna\/?p=10427"},"modified":"2026-04-28T18:22:32","modified_gmt":"2026-04-28T18:22:32","slug":"grave-lutto-per-la-famiglia-checchi-si-e-spento-a-14-anni-filippo-figlio-di-valerio","status":"publish","type":"post","link":"https:\/\/comitati.fisi.org\/lazio-sardegna\/blog\/2026\/04\/28\/grave-lutto-per-la-famiglia-checchi-si-e-spento-a-14-anni-filippo-figlio-di-valerio\/","title":{"rendered":"GRAVE LUTTO PER LA FAMIGLIA CHECCHI, SI \u00c8 SPENTO A 14 ANNI FILIPPO FIGLIO DI VALERIO"},"content":{"rendered":"\n<p>Un tragico lutto ha colpito il mondo dello sci laziale lasciando attoniti tutti noi. Si \u00e8 spento a soli 14 anni per un male incurabile <strong>Filippo Checchi<\/strong>, promettente calciatore del Tor Tre Teste, amato figlio di Valerio, che da atleta ha dato lustro allo sci di fondo regionale partecipando a due edizioni dei Giochi olimpici invernali, e a sei dei Campionati mondiali, e nipote di Pierluigi, storico dirigente, presidente del Gruppo Sciatori di Subiaco, vero pioniere dello sci di fondo nel Lazio, per anni nel consiglio nazionale della Fisi.<br>Il Presidente Ruggeri e tutto il Comitato Regionale Fisi Cls si stringono e si uniscono al dolore della famiglia Checchi, a pap\u00e0 Valerio, a mamma Francesca, alla sorella Beatrice, cos\u00ec duramente colpiti negli affetti pi\u00f9 cari.<br>Le <strong>esequie<\/strong> di Filippo si terranno domani, <strong>mercoled\u00ec 29 aprile<\/strong> alle <strong>ore 16.00<\/strong>, presso la <strong>Chiesa di Sant\u2019Andrea Apostolo<\/strong> in <strong>Piazza Sant\u2019Andrea<\/strong>, a <strong>Subiaco<\/strong> (Roma).<\/p>\n","protected":false},"excerpt":{"rendered":"<p>Un tragico lutto ha colpito il mondo dello sci laziale lasciando attoniti tutti noi. Si \u00e8 spento a soli 14 anni per un male incurabile Filippo Checchi, promettente calciatore del Tor Tre Teste, amato figlio di Valerio, che da atleta ha dato lustro allo sci di fondo regionale partecipando a due edizioni dei Giochi olimpici invernali, e a sei dei&hellip;<\/p>\n","protected":false},"author":17,"featured_media":10428,"comment_status":"open","ping_status":"open","sticky":false,"template":"","format":"standard","meta":{"_acf_changed":false,"footnotes":""},"categories":[8],"tags":[209,16,51,298],"acf":[],"_links":{"self":[{"href":"https:\/\/comitati.fisi.org\/lazio-sardegna\/wp-json\/wp\/v2\/posts\/10427"}],"collection":[{"href":"https:\/\/comitati.fisi.org\/lazio-sardegna\/wp-json\/wp\/v2\/posts"}],"about":[{"href":"https:\/\/comitati.fisi.org\/lazio-sardegna\/wp-json\/wp\/v2\/types\/post"}],"author":[{"embeddable":true,"href":"https:\/\/comitati.fisi.org\/lazio-sardegna\/wp-json\/wp\/v2\/users\/17"}],"replies":[{"embeddable":true,"href":"https:\/\/comitati.fisi.org\/lazio-sardegna\/wp-json\/wp\/v2\/comments?post=10427"}],"version-history":[{"count":1,"href":"https:\/\/comitati.fisi.org\/lazio-sardegna\/wp-json\/wp\/v2\/posts\/10427\/revisions"}],"predecessor-version":[{"id":10429,"href":"https:\/\/comitati.fisi.org\/lazio-sardegna\/wp-json\/wp\/v2\/posts\/10427\/revisions\/10429"}],"wp:featuredmedia":[{"embeddable":true,"href":"https:\/\/comitati.fisi.org\/lazio-sardegna\/wp-json\/wp\/v2\/media\/10428"}],"wp:attachment":[{"href":"https:\/\/comitati.fisi.org\/lazio-sardegna\/wp-json\/wp\/v2\/media?parent=10427"}],"wp:term":[{"taxonomy":"category","embeddable":true,"href":"https:\/\/comitati.fisi.org\/lazio-sardegna\/wp-json\/wp\/v2\/categories?post=10427"},{"taxonomy":"post_tag","embeddable":true,"href":"https:\/\/comitati.fisi.org\/lazio-sardegna\/wp-json\/wp\/v2\/tags?post=10427"}],"curies":[{"name":"wp","href":"https:\/\/api.w.org\/{rel}","templated":true}]}}