{"id":10007,"date":"2026-03-07T16:23:23","date_gmt":"2026-03-07T16:23:23","guid":{"rendered":"https:\/\/comitati.fisi.org\/lazio-sardegna\/?p=10007"},"modified":"2026-03-07T17:04:39","modified_gmt":"2026-03-07T17:04:39","slug":"impresa-storica-sara-proietti-cignitti-vince-il-titolo-italiano-nella-sprint-a-bosco-chiesa-nuova","status":"publish","type":"post","link":"https:\/\/comitati.fisi.org\/lazio-sardegna\/blog\/2026\/03\/07\/impresa-storica-sara-proietti-cignitti-vince-il-titolo-italiano-nella-sprint-a-bosco-chiesa-nuova\/","title":{"rendered":"SCI DI FONDO: IMPRESA STORICA DELLA LAZIALE SARA PROIETTI CIGNITTI CHE VINCE IL TITOLO ITALIANO NELLA SPRINT A BOSCO CHIESA NUOVA"},"content":{"rendered":"\n<p>Strepitoso successo di <strong>Sara Proietti Cignitti<\/strong> che ai <strong>Campionati Italiani Allievi &#8211; U16<\/strong> in corso di svolgimento Bosco Chiesa Nuova si \u00e8 aggiudicata la gara sprint in tecnica libera sulla distanza di 1,2 km. La giovane sciatrice laziale superata agevolmente quarti e semifinali \u00e8 stata protagonista nella finale di una straordinaria rimonta sulla dura pista \u201cGaibana\u201d. Transitata terza dopo la prima salita la fondista del <strong>Winter Sport Subiaco<\/strong> ha fatto la differenza in discesa lasciandosi alle spalle nello sprint finale l\u2019emiliana Nicole Falanelli e l\u2019alto atesina Jana Gufler. <em>\u201cSono contentissima, quasi non ci credo. La sprint non \u00e8 la mia specialit\u00e0. Non pensavo di andare cos\u00ec forte. E\u2019 davvero un sogno\u201d<\/em> ha detto in lacrime la nostra Sara al termine della gara. <\/p>\n\n\n\n<p>In lacrime la sua allenatrice <strong>Marianna Micozzi<\/strong> che fino all\u2019ultimo metro l\u2019ha incitata a bordo pista, quasi sospinta verso un successo alla vigilia impensabile: <em>\u201cNon ho parole. Sara ci sorprende ogni giorno di pi\u00f9. E\u2019 stata fantastica su un tracciato molto tecnico dove pi\u00f9 che le braccia sono state le gambe a fare la differenza\u201d<\/em>. Anche il Presidente del team sublacense <strong>Nicola Micozzi<\/strong>, prima di lasciarsi andare ai meritati festeggiamenti, non nasconde la sua immensa felicit\u00e0 per un risultato davvero storico: <em>\u201cChe dire due titoli italiani nell\u2019arco temporale di un anno \u00e8 veramente incredibile. Sono risultati come questi che ci ripagano di tanti sacrifici e duro lavoro\u201d<\/em>.<br><br>Il titolo nella sprint per la Proietti Cignitti arriva ad un anno esatto dal titolo vinto nel 2025 nella 4 km a tecnica libera U. 14 che la consacra cos\u00ec tra le giovani atlete pi\u00f9 interessanti del fondo giovanile azzurro soprattutto se si considera che \u00e8 al suo primo anno tra le Allieve.<br>Sara Proietti Cignitti ha completato la sua straordinaria partecipazione ai Campionati italiani con il quinto posto nella 5 Km (2&#215;2,5Km) a soli 3 secondi dal podio.<\/p>\n\n\n\n<p><strong>Ufficio Stampa FISI &#8211; CLS<\/strong><br><strong>Gianluca Montebelli<\/strong> mail: gianlucamontebelli@yahoo.it Cell.333.6554876<br><strong>Carlo Monteverde<\/strong> mail: carlo.monteverde@libero.it Cell.328.2874664<\/p>\n\n\n\n<figure class=\"wp-block-gallery aligncenter has-nested-images columns-default wp-block-gallery-1 is-layout-flex wp-block-gallery-is-layout-flex\">\n<figure data-wp-context=\"{&quot;uploadedSrc&quot;:&quot;https:\\\/\\\/comitati.fisi.org\\\/lazio-sardegna\\\/wp-content\\\/uploads\\\/sites\\\/31\\\/2026\\\/03\\\/SaraProiettiCignitti_CIU16.jpeg&quot;,&quot;figureClassNames&quot;:&quot;wp-block-image size-large&quot;,&quot;figureStyles&quot;:null,&quot;imgClassNames&quot;:&quot;wp-image-10009&quot;,&quot;imgStyles&quot;:null,&quot;targetWidth&quot;:1200,&quot;targetHeight&quot;:1600,&quot;scaleAttr&quot;:false,&quot;ariaLabel&quot;:&quot;Ingrandisci l\\u2019immagine&quot;,&quot;alt&quot;:&quot;&quot;}\" data-wp-interactive=\"core\/image\" class=\"wp-block-image size-large wp-lightbox-container\"><img loading=\"lazy\" decoding=\"async\" width=\"768\" height=\"1024\" data-wp-init=\"callbacks.setButtonStyles\" data-wp-on--click=\"actions.showLightbox\" data-wp-on--load=\"callbacks.setButtonStyles\" data-wp-on-window--resize=\"callbacks.setButtonStyles\" data-id=\"10009\" src=\"https:\/\/comitati.fisi.org\/lazio-sardegna\/wp-content\/uploads\/sites\/31\/2026\/03\/SaraProiettiCignitti_CIU16-768x1024.jpeg\" alt=\"\" class=\"wp-image-10009\" srcset=\"https:\/\/comitati.fisi.org\/lazio-sardegna\/wp-content\/uploads\/sites\/31\/2026\/03\/SaraProiettiCignitti_CIU16-768x1024.jpeg 768w, https:\/\/comitati.fisi.org\/lazio-sardegna\/wp-content\/uploads\/sites\/31\/2026\/03\/SaraProiettiCignitti_CIU16-225x300.jpeg 225w, https:\/\/comitati.fisi.org\/lazio-sardegna\/wp-content\/uploads\/sites\/31\/2026\/03\/SaraProiettiCignitti_CIU16-1152x1536.jpeg 1152w, https:\/\/comitati.fisi.org\/lazio-sardegna\/wp-content\/uploads\/sites\/31\/2026\/03\/SaraProiettiCignitti_CIU16.jpeg 1200w\" sizes=\"(max-width: 768px) 100vw, 768px\" \/><button\n\t\t\tclass=\"lightbox-trigger\"\n\t\t\ttype=\"button\"\n\t\t\taria-haspopup=\"dialog\"\n\t\t\taria-label=\"Ingrandisci l\u2019immagine\"\n\t\t\tdata-wp-init=\"callbacks.initTriggerButton\"\n\t\t\tdata-wp-on--click=\"actions.showLightbox\"\n\t\t\tdata-wp-style--right=\"context.imageButtonRight\"\n\t\t\tdata-wp-style--top=\"context.imageButtonTop\"\n\t\t>\n\t\t\t<svg xmlns=\"http:\/\/www.w3.org\/2000\/svg\" width=\"12\" height=\"12\" fill=\"none\" viewBox=\"0 0 12 12\">\n\t\t\t\t<path fill=\"#fff\" d=\"M2 0a2 2 0 0 0-2 2v2h1.5V2a.5.5 0 0 1 .5-.5h2V0H2Zm2 10.5H2a.5.5 0 0 1-.5-.5V8H0v2a2 2 0 0 0 2 2h2v-1.5ZM8 12v-1.5h2a.5.5 0 0 0 .5-.5V8H12v2a2 2 0 0 1-2 2H8Zm2-12a2 2 0 0 1 2 2v2h-1.5V2a.5.5 0 0 0-.5-.5H8V0h2Z\" \/>\n\t\t\t<\/svg>\n\t\t<\/button><\/figure>\n\n\n\n<figure data-wp-context=\"{&quot;uploadedSrc&quot;:&quot;https:\\\/\\\/comitati.fisi.org\\\/lazio-sardegna\\\/wp-content\\\/uploads\\\/sites\\\/31\\\/2026\\\/03\\\/SaraProiettiCignitti_CIU16_3.jpeg&quot;,&quot;figureClassNames&quot;:&quot;wp-block-image size-large&quot;,&quot;figureStyles&quot;:null,&quot;imgClassNames&quot;:&quot;wp-image-10016&quot;,&quot;imgStyles&quot;:null,&quot;targetWidth&quot;:900,&quot;targetHeight&quot;:1600,&quot;scaleAttr&quot;:false,&quot;ariaLabel&quot;:&quot;Ingrandisci l\\u2019immagine&quot;,&quot;alt&quot;:&quot;&quot;}\" data-wp-interactive=\"core\/image\" class=\"wp-block-image size-large wp-lightbox-container\"><img loading=\"lazy\" decoding=\"async\" width=\"576\" height=\"1024\" data-wp-init=\"callbacks.setButtonStyles\" data-wp-on--click=\"actions.showLightbox\" data-wp-on--load=\"callbacks.setButtonStyles\" data-wp-on-window--resize=\"callbacks.setButtonStyles\" data-id=\"10016\" src=\"https:\/\/comitati.fisi.org\/lazio-sardegna\/wp-content\/uploads\/sites\/31\/2026\/03\/SaraProiettiCignitti_CIU16_3-576x1024.jpeg\" alt=\"\" class=\"wp-image-10016\" srcset=\"https:\/\/comitati.fisi.org\/lazio-sardegna\/wp-content\/uploads\/sites\/31\/2026\/03\/SaraProiettiCignitti_CIU16_3-576x1024.jpeg 576w, https:\/\/comitati.fisi.org\/lazio-sardegna\/wp-content\/uploads\/sites\/31\/2026\/03\/SaraProiettiCignitti_CIU16_3-169x300.jpeg 169w, https:\/\/comitati.fisi.org\/lazio-sardegna\/wp-content\/uploads\/sites\/31\/2026\/03\/SaraProiettiCignitti_CIU16_3-768x1365.jpeg 768w, https:\/\/comitati.fisi.org\/lazio-sardegna\/wp-content\/uploads\/sites\/31\/2026\/03\/SaraProiettiCignitti_CIU16_3-864x1536.jpeg 864w, https:\/\/comitati.fisi.org\/lazio-sardegna\/wp-content\/uploads\/sites\/31\/2026\/03\/SaraProiettiCignitti_CIU16_3.jpeg 900w\" sizes=\"(max-width: 576px) 100vw, 576px\" \/><button\n\t\t\tclass=\"lightbox-trigger\"\n\t\t\ttype=\"button\"\n\t\t\taria-haspopup=\"dialog\"\n\t\t\taria-label=\"Ingrandisci l\u2019immagine\"\n\t\t\tdata-wp-init=\"callbacks.initTriggerButton\"\n\t\t\tdata-wp-on--click=\"actions.showLightbox\"\n\t\t\tdata-wp-style--right=\"context.imageButtonRight\"\n\t\t\tdata-wp-style--top=\"context.imageButtonTop\"\n\t\t>\n\t\t\t<svg xmlns=\"http:\/\/www.w3.org\/2000\/svg\" width=\"12\" height=\"12\" fill=\"none\" viewBox=\"0 0 12 12\">\n\t\t\t\t<path fill=\"#fff\" d=\"M2 0a2 2 0 0 0-2 2v2h1.5V2a.5.5 0 0 1 .5-.5h2V0H2Zm2 10.5H2a.5.5 0 0 1-.5-.5V8H0v2a2 2 0 0 0 2 2h2v-1.5ZM8 12v-1.5h2a.5.5 0 0 0 .5-.5V8H12v2a2 2 0 0 1-2 2H8Zm2-12a2 2 0 0 1 2 2v2h-1.5V2a.5.5 0 0 0-.5-.5H8V0h2Z\" \/>\n\t\t\t<\/svg>\n\t\t<\/button><\/figure>\n\n\n\n<figure data-wp-context=\"{&quot;uploadedSrc&quot;:&quot;https:\\\/\\\/comitati.fisi.org\\\/lazio-sardegna\\\/wp-content\\\/uploads\\\/sites\\\/31\\\/2026\\\/03\\\/SaraProiettiCignitti_CIU16_4.jpeg&quot;,&quot;figureClassNames&quot;:&quot;wp-block-image size-medium&quot;,&quot;figureStyles&quot;:null,&quot;imgClassNames&quot;:&quot;wp-image-10017&quot;,&quot;imgStyles&quot;:null,&quot;targetWidth&quot;:900,&quot;targetHeight&quot;:964,&quot;scaleAttr&quot;:false,&quot;ariaLabel&quot;:&quot;Ingrandisci l\\u2019immagine&quot;,&quot;alt&quot;:&quot;&quot;}\" data-wp-interactive=\"core\/image\" class=\"wp-block-image size-medium wp-lightbox-container\"><img loading=\"lazy\" decoding=\"async\" width=\"280\" height=\"300\" data-wp-init=\"callbacks.setButtonStyles\" data-wp-on--click=\"actions.showLightbox\" data-wp-on--load=\"callbacks.setButtonStyles\" data-wp-on-window--resize=\"callbacks.setButtonStyles\" data-id=\"10017\" src=\"https:\/\/comitati.fisi.org\/lazio-sardegna\/wp-content\/uploads\/sites\/31\/2026\/03\/SaraProiettiCignitti_CIU16_4-280x300.jpeg\" alt=\"\" class=\"wp-image-10017\" srcset=\"https:\/\/comitati.fisi.org\/lazio-sardegna\/wp-content\/uploads\/sites\/31\/2026\/03\/SaraProiettiCignitti_CIU16_4-280x300.jpeg 280w, https:\/\/comitati.fisi.org\/lazio-sardegna\/wp-content\/uploads\/sites\/31\/2026\/03\/SaraProiettiCignitti_CIU16_4-768x823.jpeg 768w, https:\/\/comitati.fisi.org\/lazio-sardegna\/wp-content\/uploads\/sites\/31\/2026\/03\/SaraProiettiCignitti_CIU16_4.jpeg 900w\" sizes=\"(max-width: 280px) 100vw, 280px\" \/><button\n\t\t\tclass=\"lightbox-trigger\"\n\t\t\ttype=\"button\"\n\t\t\taria-haspopup=\"dialog\"\n\t\t\taria-label=\"Ingrandisci l\u2019immagine\"\n\t\t\tdata-wp-init=\"callbacks.initTriggerButton\"\n\t\t\tdata-wp-on--click=\"actions.showLightbox\"\n\t\t\tdata-wp-style--right=\"context.imageButtonRight\"\n\t\t\tdata-wp-style--top=\"context.imageButtonTop\"\n\t\t>\n\t\t\t<svg xmlns=\"http:\/\/www.w3.org\/2000\/svg\" width=\"12\" height=\"12\" fill=\"none\" viewBox=\"0 0 12 12\">\n\t\t\t\t<path fill=\"#fff\" d=\"M2 0a2 2 0 0 0-2 2v2h1.5V2a.5.5 0 0 1 .5-.5h2V0H2Zm2 10.5H2a.5.5 0 0 1-.5-.5V8H0v2a2 2 0 0 0 2 2h2v-1.5ZM8 12v-1.5h2a.5.5 0 0 0 .5-.5V8H12v2a2 2 0 0 1-2 2H8Zm2-12a2 2 0 0 1 2 2v2h-1.5V2a.5.5 0 0 0-.5-.5H8V0h2Z\" \/>\n\t\t\t<\/svg>\n\t\t<\/button><\/figure>\n\n\n\n<figure data-wp-context=\"{&quot;uploadedSrc&quot;:&quot;https:\\\/\\\/comitati.fisi.org\\\/lazio-sardegna\\\/wp-content\\\/uploads\\\/sites\\\/31\\\/2026\\\/03\\\/WhatsApp-Image-2026-03-07-at-17.46.32.jpeg&quot;,&quot;figureClassNames&quot;:&quot;wp-block-image size-large&quot;,&quot;figureStyles&quot;:null,&quot;imgClassNames&quot;:&quot;wp-image-10026&quot;,&quot;imgStyles&quot;:null,&quot;targetWidth&quot;:1600,&quot;targetHeight&quot;:1200,&quot;scaleAttr&quot;:false,&quot;ariaLabel&quot;:&quot;Ingrandisci l\\u2019immagine&quot;,&quot;alt&quot;:&quot;&quot;}\" data-wp-interactive=\"core\/image\" class=\"wp-block-image size-large wp-lightbox-container\"><img loading=\"lazy\" decoding=\"async\" width=\"1024\" height=\"768\" data-wp-init=\"callbacks.setButtonStyles\" data-wp-on--click=\"actions.showLightbox\" data-wp-on--load=\"callbacks.setButtonStyles\" data-wp-on-window--resize=\"callbacks.setButtonStyles\" data-id=\"10026\" src=\"https:\/\/comitati.fisi.org\/lazio-sardegna\/wp-content\/uploads\/sites\/31\/2026\/03\/WhatsApp-Image-2026-03-07-at-17.46.32-1024x768.jpeg\" alt=\"\" class=\"wp-image-10026\" srcset=\"https:\/\/comitati.fisi.org\/lazio-sardegna\/wp-content\/uploads\/sites\/31\/2026\/03\/WhatsApp-Image-2026-03-07-at-17.46.32-1024x768.jpeg 1024w, https:\/\/comitati.fisi.org\/lazio-sardegna\/wp-content\/uploads\/sites\/31\/2026\/03\/WhatsApp-Image-2026-03-07-at-17.46.32-300x225.jpeg 300w, https:\/\/comitati.fisi.org\/lazio-sardegna\/wp-content\/uploads\/sites\/31\/2026\/03\/WhatsApp-Image-2026-03-07-at-17.46.32-768x576.jpeg 768w, https:\/\/comitati.fisi.org\/lazio-sardegna\/wp-content\/uploads\/sites\/31\/2026\/03\/WhatsApp-Image-2026-03-07-at-17.46.32-1536x1152.jpeg 1536w, https:\/\/comitati.fisi.org\/lazio-sardegna\/wp-content\/uploads\/sites\/31\/2026\/03\/WhatsApp-Image-2026-03-07-at-17.46.32.jpeg 1600w\" sizes=\"(max-width: 1024px) 100vw, 1024px\" \/><button\n\t\t\tclass=\"lightbox-trigger\"\n\t\t\ttype=\"button\"\n\t\t\taria-haspopup=\"dialog\"\n\t\t\taria-label=\"Ingrandisci l\u2019immagine\"\n\t\t\tdata-wp-init=\"callbacks.initTriggerButton\"\n\t\t\tdata-wp-on--click=\"actions.showLightbox\"\n\t\t\tdata-wp-style--right=\"context.imageButtonRight\"\n\t\t\tdata-wp-style--top=\"context.imageButtonTop\"\n\t\t>\n\t\t\t<svg xmlns=\"http:\/\/www.w3.org\/2000\/svg\" width=\"12\" height=\"12\" fill=\"none\" viewBox=\"0 0 12 12\">\n\t\t\t\t<path fill=\"#fff\" d=\"M2 0a2 2 0 0 0-2 2v2h1.5V2a.5.5 0 0 1 .5-.5h2V0H2Zm2 10.5H2a.5.5 0 0 1-.5-.5V8H0v2a2 2 0 0 0 2 2h2v-1.5ZM8 12v-1.5h2a.5.5 0 0 0 .5-.5V8H12v2a2 2 0 0 1-2 2H8Zm2-12a2 2 0 0 1 2 2v2h-1.5V2a.5.5 0 0 0-.5-.5H8V0h2Z\" \/>\n\t\t\t<\/svg>\n\t\t<\/button><\/figure>\n\n\n\n<figure data-wp-context=\"{&quot;uploadedSrc&quot;:&quot;https:\\\/\\\/comitati.fisi.org\\\/lazio-sardegna\\\/wp-content\\\/uploads\\\/sites\\\/31\\\/2026\\\/03\\\/WhatsApp-Image-2026-03-07-at-17.46.18.jpeg&quot;,&quot;figureClassNames&quot;:&quot;wp-block-image size-large&quot;,&quot;figureStyles&quot;:null,&quot;imgClassNames&quot;:&quot;wp-image-10022&quot;,&quot;imgStyles&quot;:null,&quot;targetWidth&quot;:748,&quot;targetHeight&quot;:1600,&quot;scaleAttr&quot;:false,&quot;ariaLabel&quot;:&quot;Ingrandisci l\\u2019immagine&quot;,&quot;alt&quot;:&quot;&quot;}\" data-wp-interactive=\"core\/image\" class=\"wp-block-image size-large wp-lightbox-container\"><img loading=\"lazy\" decoding=\"async\" width=\"479\" height=\"1024\" data-wp-init=\"callbacks.setButtonStyles\" data-wp-on--click=\"actions.showLightbox\" data-wp-on--load=\"callbacks.setButtonStyles\" data-wp-on-window--resize=\"callbacks.setButtonStyles\" data-id=\"10022\" src=\"https:\/\/comitati.fisi.org\/lazio-sardegna\/wp-content\/uploads\/sites\/31\/2026\/03\/WhatsApp-Image-2026-03-07-at-17.46.18-479x1024.jpeg\" alt=\"\" class=\"wp-image-10022\" srcset=\"https:\/\/comitati.fisi.org\/lazio-sardegna\/wp-content\/uploads\/sites\/31\/2026\/03\/WhatsApp-Image-2026-03-07-at-17.46.18-479x1024.jpeg 479w, https:\/\/comitati.fisi.org\/lazio-sardegna\/wp-content\/uploads\/sites\/31\/2026\/03\/WhatsApp-Image-2026-03-07-at-17.46.18-140x300.jpeg 140w, https:\/\/comitati.fisi.org\/lazio-sardegna\/wp-content\/uploads\/sites\/31\/2026\/03\/WhatsApp-Image-2026-03-07-at-17.46.18-718x1536.jpeg 718w, https:\/\/comitati.fisi.org\/lazio-sardegna\/wp-content\/uploads\/sites\/31\/2026\/03\/WhatsApp-Image-2026-03-07-at-17.46.18.jpeg 748w\" sizes=\"(max-width: 479px) 100vw, 479px\" \/><button\n\t\t\tclass=\"lightbox-trigger\"\n\t\t\ttype=\"button\"\n\t\t\taria-haspopup=\"dialog\"\n\t\t\taria-label=\"Ingrandisci l\u2019immagine\"\n\t\t\tdata-wp-init=\"callbacks.initTriggerButton\"\n\t\t\tdata-wp-on--click=\"actions.showLightbox\"\n\t\t\tdata-wp-style--right=\"context.imageButtonRight\"\n\t\t\tdata-wp-style--top=\"context.imageButtonTop\"\n\t\t>\n\t\t\t<svg xmlns=\"http:\/\/www.w3.org\/2000\/svg\" width=\"12\" height=\"12\" fill=\"none\" viewBox=\"0 0 12 12\">\n\t\t\t\t<path fill=\"#fff\" d=\"M2 0a2 2 0 0 0-2 2v2h1.5V2a.5.5 0 0 1 .5-.5h2V0H2Zm2 10.5H2a.5.5 0 0 1-.5-.5V8H0v2a2 2 0 0 0 2 2h2v-1.5ZM8 12v-1.5h2a.5.5 0 0 0 .5-.5V8H12v2a2 2 0 0 1-2 2H8Zm2-12a2 2 0 0 1 2 2v2h-1.5V2a.5.5 0 0 0-.5-.5H8V0h2Z\" \/>\n\t\t\t<\/svg>\n\t\t<\/button><\/figure>\n\n\n\n<figure data-wp-context=\"{&quot;uploadedSrc&quot;:&quot;https:\\\/\\\/comitati.fisi.org\\\/lazio-sardegna\\\/wp-content\\\/uploads\\\/sites\\\/31\\\/2026\\\/03\\\/WhatsApp-Image-2026-03-07-at-17.46.28-1.jpeg&quot;,&quot;figureClassNames&quot;:&quot;wp-block-image size-large&quot;,&quot;figureStyles&quot;:null,&quot;imgClassNames&quot;:&quot;wp-image-10024&quot;,&quot;imgStyles&quot;:null,&quot;targetWidth&quot;:900,&quot;targetHeight&quot;:1600,&quot;scaleAttr&quot;:false,&quot;ariaLabel&quot;:&quot;Ingrandisci l\\u2019immagine&quot;,&quot;alt&quot;:&quot;&quot;}\" data-wp-interactive=\"core\/image\" class=\"wp-block-image size-large wp-lightbox-container\"><img loading=\"lazy\" decoding=\"async\" width=\"576\" height=\"1024\" data-wp-init=\"callbacks.setButtonStyles\" data-wp-on--click=\"actions.showLightbox\" data-wp-on--load=\"callbacks.setButtonStyles\" data-wp-on-window--resize=\"callbacks.setButtonStyles\" data-id=\"10024\" src=\"https:\/\/comitati.fisi.org\/lazio-sardegna\/wp-content\/uploads\/sites\/31\/2026\/03\/WhatsApp-Image-2026-03-07-at-17.46.28-1-576x1024.jpeg\" alt=\"\" class=\"wp-image-10024\" srcset=\"https:\/\/comitati.fisi.org\/lazio-sardegna\/wp-content\/uploads\/sites\/31\/2026\/03\/WhatsApp-Image-2026-03-07-at-17.46.28-1-576x1024.jpeg 576w, https:\/\/comitati.fisi.org\/lazio-sardegna\/wp-content\/uploads\/sites\/31\/2026\/03\/WhatsApp-Image-2026-03-07-at-17.46.28-1-169x300.jpeg 169w, https:\/\/comitati.fisi.org\/lazio-sardegna\/wp-content\/uploads\/sites\/31\/2026\/03\/WhatsApp-Image-2026-03-07-at-17.46.28-1-768x1365.jpeg 768w, https:\/\/comitati.fisi.org\/lazio-sardegna\/wp-content\/uploads\/sites\/31\/2026\/03\/WhatsApp-Image-2026-03-07-at-17.46.28-1-864x1536.jpeg 864w, https:\/\/comitati.fisi.org\/lazio-sardegna\/wp-content\/uploads\/sites\/31\/2026\/03\/WhatsApp-Image-2026-03-07-at-17.46.28-1.jpeg 900w\" sizes=\"(max-width: 576px) 100vw, 576px\" \/><button\n\t\t\tclass=\"lightbox-trigger\"\n\t\t\ttype=\"button\"\n\t\t\taria-haspopup=\"dialog\"\n\t\t\taria-label=\"Ingrandisci l\u2019immagine\"\n\t\t\tdata-wp-init=\"callbacks.initTriggerButton\"\n\t\t\tdata-wp-on--click=\"actions.showLightbox\"\n\t\t\tdata-wp-style--right=\"context.imageButtonRight\"\n\t\t\tdata-wp-style--top=\"context.imageButtonTop\"\n\t\t>\n\t\t\t<svg xmlns=\"http:\/\/www.w3.org\/2000\/svg\" width=\"12\" height=\"12\" fill=\"none\" viewBox=\"0 0 12 12\">\n\t\t\t\t<path fill=\"#fff\" d=\"M2 0a2 2 0 0 0-2 2v2h1.5V2a.5.5 0 0 1 .5-.5h2V0H2Zm2 10.5H2a.5.5 0 0 1-.5-.5V8H0v2a2 2 0 0 0 2 2h2v-1.5ZM8 12v-1.5h2a.5.5 0 0 0 .5-.5V8H12v2a2 2 0 0 1-2 2H8Zm2-12a2 2 0 0 1 2 2v2h-1.5V2a.5.5 0 0 0-.5-.5H8V0h2Z\" \/>\n\t\t\t<\/svg>\n\t\t<\/button><\/figure>\n\n\n\n<figure data-wp-context=\"{&quot;uploadedSrc&quot;:&quot;https:\\\/\\\/comitati.fisi.org\\\/lazio-sardegna\\\/wp-content\\\/uploads\\\/sites\\\/31\\\/2026\\\/03\\\/WhatsApp-Image-2026-03-07-at-17.46.28.jpeg&quot;,&quot;figureClassNames&quot;:&quot;wp-block-image size-large&quot;,&quot;figureStyles&quot;:null,&quot;imgClassNames&quot;:&quot;wp-image-10023&quot;,&quot;imgStyles&quot;:null,&quot;targetWidth&quot;:900,&quot;targetHeight&quot;:1600,&quot;scaleAttr&quot;:false,&quot;ariaLabel&quot;:&quot;Ingrandisci l\\u2019immagine&quot;,&quot;alt&quot;:&quot;&quot;}\" data-wp-interactive=\"core\/image\" class=\"wp-block-image size-large wp-lightbox-container\"><img loading=\"lazy\" decoding=\"async\" width=\"576\" height=\"1024\" data-wp-init=\"callbacks.setButtonStyles\" data-wp-on--click=\"actions.showLightbox\" data-wp-on--load=\"callbacks.setButtonStyles\" data-wp-on-window--resize=\"callbacks.setButtonStyles\" data-id=\"10023\" src=\"https:\/\/comitati.fisi.org\/lazio-sardegna\/wp-content\/uploads\/sites\/31\/2026\/03\/WhatsApp-Image-2026-03-07-at-17.46.28-576x1024.jpeg\" alt=\"\" class=\"wp-image-10023\" srcset=\"https:\/\/comitati.fisi.org\/lazio-sardegna\/wp-content\/uploads\/sites\/31\/2026\/03\/WhatsApp-Image-2026-03-07-at-17.46.28-576x1024.jpeg 576w, https:\/\/comitati.fisi.org\/lazio-sardegna\/wp-content\/uploads\/sites\/31\/2026\/03\/WhatsApp-Image-2026-03-07-at-17.46.28-169x300.jpeg 169w, https:\/\/comitati.fisi.org\/lazio-sardegna\/wp-content\/uploads\/sites\/31\/2026\/03\/WhatsApp-Image-2026-03-07-at-17.46.28-768x1365.jpeg 768w, https:\/\/comitati.fisi.org\/lazio-sardegna\/wp-content\/uploads\/sites\/31\/2026\/03\/WhatsApp-Image-2026-03-07-at-17.46.28-864x1536.jpeg 864w, https:\/\/comitati.fisi.org\/lazio-sardegna\/wp-content\/uploads\/sites\/31\/2026\/03\/WhatsApp-Image-2026-03-07-at-17.46.28.jpeg 900w\" sizes=\"(max-width: 576px) 100vw, 576px\" \/><button\n\t\t\tclass=\"lightbox-trigger\"\n\t\t\ttype=\"button\"\n\t\t\taria-haspopup=\"dialog\"\n\t\t\taria-label=\"Ingrandisci l\u2019immagine\"\n\t\t\tdata-wp-init=\"callbacks.initTriggerButton\"\n\t\t\tdata-wp-on--click=\"actions.showLightbox\"\n\t\t\tdata-wp-style--right=\"context.imageButtonRight\"\n\t\t\tdata-wp-style--top=\"context.imageButtonTop\"\n\t\t>\n\t\t\t<svg xmlns=\"http:\/\/www.w3.org\/2000\/svg\" width=\"12\" height=\"12\" fill=\"none\" viewBox=\"0 0 12 12\">\n\t\t\t\t<path fill=\"#fff\" d=\"M2 0a2 2 0 0 0-2 2v2h1.5V2a.5.5 0 0 1 .5-.5h2V0H2Zm2 10.5H2a.5.5 0 0 1-.5-.5V8H0v2a2 2 0 0 0 2 2h2v-1.5ZM8 12v-1.5h2a.5.5 0 0 0 .5-.5V8H12v2a2 2 0 0 1-2 2H8Zm2-12a2 2 0 0 1 2 2v2h-1.5V2a.5.5 0 0 0-.5-.5H8V0h2Z\" \/>\n\t\t\t<\/svg>\n\t\t<\/button><\/figure>\n\n\n\n<figure data-wp-context=\"{&quot;uploadedSrc&quot;:&quot;https:\\\/\\\/comitati.fisi.org\\\/lazio-sardegna\\\/wp-content\\\/uploads\\\/sites\\\/31\\\/2026\\\/03\\\/WhatsApp-Image-2026-03-07-at-17.46.29.jpeg&quot;,&quot;figureClassNames&quot;:&quot;wp-block-image size-large&quot;,&quot;figureStyles&quot;:null,&quot;imgClassNames&quot;:&quot;wp-image-10025&quot;,&quot;imgStyles&quot;:null,&quot;targetWidth&quot;:900,&quot;targetHeight&quot;:1600,&quot;scaleAttr&quot;:false,&quot;ariaLabel&quot;:&quot;Ingrandisci l\\u2019immagine&quot;,&quot;alt&quot;:&quot;&quot;}\" data-wp-interactive=\"core\/image\" class=\"wp-block-image size-large wp-lightbox-container\"><img loading=\"lazy\" decoding=\"async\" width=\"576\" height=\"1024\" data-wp-init=\"callbacks.setButtonStyles\" data-wp-on--click=\"actions.showLightbox\" data-wp-on--load=\"callbacks.setButtonStyles\" data-wp-on-window--resize=\"callbacks.setButtonStyles\" data-id=\"10025\" src=\"https:\/\/comitati.fisi.org\/lazio-sardegna\/wp-content\/uploads\/sites\/31\/2026\/03\/WhatsApp-Image-2026-03-07-at-17.46.29-576x1024.jpeg\" alt=\"\" class=\"wp-image-10025\" srcset=\"https:\/\/comitati.fisi.org\/lazio-sardegna\/wp-content\/uploads\/sites\/31\/2026\/03\/WhatsApp-Image-2026-03-07-at-17.46.29-576x1024.jpeg 576w, https:\/\/comitati.fisi.org\/lazio-sardegna\/wp-content\/uploads\/sites\/31\/2026\/03\/WhatsApp-Image-2026-03-07-at-17.46.29-169x300.jpeg 169w, https:\/\/comitati.fisi.org\/lazio-sardegna\/wp-content\/uploads\/sites\/31\/2026\/03\/WhatsApp-Image-2026-03-07-at-17.46.29-768x1365.jpeg 768w, https:\/\/comitati.fisi.org\/lazio-sardegna\/wp-content\/uploads\/sites\/31\/2026\/03\/WhatsApp-Image-2026-03-07-at-17.46.29-864x1536.jpeg 864w, https:\/\/comitati.fisi.org\/lazio-sardegna\/wp-content\/uploads\/sites\/31\/2026\/03\/WhatsApp-Image-2026-03-07-at-17.46.29.jpeg 900w\" sizes=\"(max-width: 576px) 100vw, 576px\" \/><button\n\t\t\tclass=\"lightbox-trigger\"\n\t\t\ttype=\"button\"\n\t\t\taria-haspopup=\"dialog\"\n\t\t\taria-label=\"Ingrandisci l\u2019immagine\"\n\t\t\tdata-wp-init=\"callbacks.initTriggerButton\"\n\t\t\tdata-wp-on--click=\"actions.showLightbox\"\n\t\t\tdata-wp-style--right=\"context.imageButtonRight\"\n\t\t\tdata-wp-style--top=\"context.imageButtonTop\"\n\t\t>\n\t\t\t<svg xmlns=\"http:\/\/www.w3.org\/2000\/svg\" width=\"12\" height=\"12\" fill=\"none\" viewBox=\"0 0 12 12\">\n\t\t\t\t<path fill=\"#fff\" d=\"M2 0a2 2 0 0 0-2 2v2h1.5V2a.5.5 0 0 1 .5-.5h2V0H2Zm2 10.5H2a.5.5 0 0 1-.5-.5V8H0v2a2 2 0 0 0 2 2h2v-1.5ZM8 12v-1.5h2a.5.5 0 0 0 .5-.5V8H12v2a2 2 0 0 1-2 2H8Zm2-12a2 2 0 0 1 2 2v2h-1.5V2a.5.5 0 0 0-.5-.5H8V0h2Z\" \/>\n\t\t\t<\/svg>\n\t\t<\/button><\/figure>\n<\/figure>\n","protected":false},"excerpt":{"rendered":"<p>Strepitoso successo di Sara Proietti Cignitti che ai Campionati Italiani Allievi &#8211; U16 in corso di svolgimento Bosco Chiesa Nuova si \u00e8 aggiudicata la gara sprint in tecnica libera sulla distanza di 1,2 km. La giovane sciatrice laziale superata agevolmente quarti e semifinali \u00e8 stata protagonista nella finale di una straordinaria rimonta sulla dura pista \u201cGaibana\u201d. Transitata terza dopo la&hellip;<\/p>\n","protected":false},"author":17,"featured_media":10008,"comment_status":"open","ping_status":"open","sticky":false,"template":"","format":"standard","meta":{"_acf_changed":false,"footnotes":""},"categories":[44,6],"tags":[209,16,51,337,52],"acf":[],"_links":{"self":[{"href":"https:\/\/comitati.fisi.org\/lazio-sardegna\/wp-json\/wp\/v2\/posts\/10007"}],"collection":[{"href":"https:\/\/comitati.fisi.org\/lazio-sardegna\/wp-json\/wp\/v2\/posts"}],"about":[{"href":"https:\/\/comitati.fisi.org\/lazio-sardegna\/wp-json\/wp\/v2\/types\/post"}],"author":[{"embeddable":true,"href":"https:\/\/comitati.fisi.org\/lazio-sardegna\/wp-json\/wp\/v2\/users\/17"}],"replies":[{"embeddable":true,"href":"https:\/\/comitati.fisi.org\/lazio-sardegna\/wp-json\/wp\/v2\/comments?post=10007"}],"version-history":[{"count":9,"href":"https:\/\/comitati.fisi.org\/lazio-sardegna\/wp-json\/wp\/v2\/posts\/10007\/revisions"}],"predecessor-version":[{"id":10030,"href":"https:\/\/comitati.fisi.org\/lazio-sardegna\/wp-json\/wp\/v2\/posts\/10007\/revisions\/10030"}],"wp:featuredmedia":[{"embeddable":true,"href":"https:\/\/comitati.fisi.org\/lazio-sardegna\/wp-json\/wp\/v2\/media\/10008"}],"wp:attachment":[{"href":"https:\/\/comitati.fisi.org\/lazio-sardegna\/wp-json\/wp\/v2\/media?parent=10007"}],"wp:term":[{"taxonomy":"category","embeddable":true,"href":"https:\/\/comitati.fisi.org\/lazio-sardegna\/wp-json\/wp\/v2\/categories?post=10007"},{"taxonomy":"post_tag","embeddable":true,"href":"https:\/\/comitati.fisi.org\/lazio-sardegna\/wp-json\/wp\/v2\/tags?post=10007"}],"curies":[{"name":"wp","href":"https:\/\/api.w.org\/{rel}","templated":true}]}}