{"id":93235,"date":"2023-01-02T15:16:01","date_gmt":"2023-01-02T14:16:01","guid":{"rendered":"https:\/\/www.fisifvg.org\/?p=93235"},"modified":"2023-01-02T15:16:01","modified_gmt":"2023-01-02T14:16:01","slug":"lisa-vittozzi-riparte-da-pokljuka-un-trio-fvg-in-ibu-cup","status":"publish","type":"post","link":"https:\/\/comitati.fisi.org\/friuli-venezia-giulia\/blog\/2023\/01\/02\/lisa-vittozzi-riparte-da-pokljuka-un-trio-fvg-in-ibu-cup\/","title":{"rendered":"Lisa Vittozzi riparte da Pokljuka, un trio FVG in Ibu Cup"},"content":{"rendered":"<p>Sar\u00e0 la Slovenia a ospitare la ripresa della Coppa del mondo di biathlon dopo la pausa natalizia. Sulla pista di Pokljuka si gareggia dagioved\u00ec 5 a domenica 8 gennaio con sprint, pursuit, staffetta singola mista e staffetta mista, alle quali sono iscritti Federica Sanfilippo (reduce dalla positiva esperienza nella sprint del Tour de Ski di fondo in Val Mustair e all\u2019esordio stagionale nella massima competizione), <strong>Lisa Vittozzi<\/strong>, Dorothea Wierer, Samuela Comola e Rebecca Passler fra le donne, e Didier Bionaz, David Zingerle, Patrick Braunhofer e Tommaso Giacomel fra gli uomini.<\/p>\n<p>\u201cAncora per questo giro dobbiamo fare a meno di Lukas Hofer \u2013 commenta il direttore tecnico Klaus Hoellrigl -, il quale sta completando una cura ulteriore per l\u2019infiammazione al tendine tibiale della gamba sinistra, poi faremo un ulteriore punto della situazione. Anche<strong> Daniele Fauner<\/strong> non sar\u00e0 presente a Pokljuka, \u00e8 appena guarito da una forte influenza e sta seguendo un piano di allenamento che mira a riportarlo al pi\u00f9 presto in condizione, rientrer\u00e0 nella successiva tappa di Ruhpolding\u201d.<\/p>\n<p>L\u2019Ibu Cup riprende invece la sua corsa dalla localit\u00e0 slovacca di Brezno-Osrblie, dove si disputano una supersprint, una sprint, una staffetta mista e una staffetta singola mista fra il 5 e l\u20198 gennaio. In gara sei donne e tre uomini: Hannah Auchentaller, Michela Carrara, <strong>Eleonora Fauner, Sara Scattolo,<\/strong> Beatrice Trabucchi, Martina Trabucchi, <strong>Daniele Cappellari<\/strong>, Cedric Christille ed Elia Zeni.<\/p>\n<p><em><strong>Il programma delle gare:<\/strong><\/em><br \/>\nGio. 05\/01\/23 \u2013 Coppa del mondo \u2013 Sprint femminile Pokljuka (Slo) \u2013 ore 14.20, diretta tv Eurosport e streaming www.biathlonworld.com<br \/>\nGio. 05\/01\/23 \u2013 Ibu Cup \u2013 Supersprint maschile e femminile Osrblie (Svk) \u2013 ore 11.50 e 15.20, diretta streaming www.biathlonworld.com<br \/>\nVen. 06\/01\/23 \u2013 Coppa del mondo \u2013 Sprint maschile Pokljuka (Slo) \u2013 ore 14.20, diretta tv Eurosport e streaming www.biathlonworld.com<br \/>\nSab. 07\/01\/23 \u2013 Coppa del mondo \u2013 Pursuit femminile e maschile Pokljuka (Slo) \u2013 ore 11.30 e 15.45, diretta tv Eurosport e streaming www.biathlonworld.com<br \/>\nSab. 07\/01\/23 \u2013 Ibu Cup \u2013 Sprint femminile e maschile Osrblie (Svk) \u2013 ore 10.30 e 14.00, diretta streaming www.biathlonworld.com<br \/>\n<strong>Sab. 07\/01\/23 \u2013 Campionati Italiani e Coppa Italia \u2013 Sprint maschile e femminile Forni Avoltri (Ud)<\/strong><br \/>\nDom. 08\/01\/23 \u2013 Coppa del mondo \u2013 Staffetta singola kista e staffetta singola Pokljuka (Slo) \u2013 ore 10.30 e 13.30, diretta tv Eurosport e streaming www.biathlonworld.com<br \/>\nDom. 08\/01\/23 \u2013 Ibu Cup \u2013 Staffetta singola mista e staffetta mista Osrblie (Svk) \u2013 ore 10.30 e 13.30, diretta streaming www.biathlonworld.com<br \/>\n<strong>Dom. 08\/01\/23 \u2013 Campionati Italiani e Coppa Italia \u2013 Pursuit maschile e femminile Forni Avoltri (Ud)<\/strong><\/p>\n<p><em><strong>(nella foto Lisa Vittozzi)<\/strong><\/em><\/p>\n<p>&nbsp;<\/p>\n","protected":false},"excerpt":{"rendered":"<p>La sappadina garegger\u00e0 da gioved\u00ec in Slovenia, mentre Eleonora Fauner, Sara Scattolo e Daniele Cappellari si spostano in Slovacchia<\/p>\n","protected":false},"author":4,"featured_media":92924,"comment_status":"closed","ping_status":"closed","sticky":false,"template":"","format":"standard","meta":{"_acf_changed":false,"footnotes":""},"categories":[13,10],"tags":[],"acf":[],"_links":{"self":[{"href":"https:\/\/comitati.fisi.org\/friuli-venezia-giulia\/wp-json\/wp\/v2\/posts\/93235"}],"collection":[{"href":"https:\/\/comitati.fisi.org\/friuli-venezia-giulia\/wp-json\/wp\/v2\/posts"}],"about":[{"href":"https:\/\/comitati.fisi.org\/friuli-venezia-giulia\/wp-json\/wp\/v2\/types\/post"}],"author":[{"embeddable":true,"href":"https:\/\/comitati.fisi.org\/friuli-venezia-giulia\/wp-json\/wp\/v2\/users\/4"}],"replies":[{"embeddable":true,"href":"https:\/\/comitati.fisi.org\/friuli-venezia-giulia\/wp-json\/wp\/v2\/comments?post=93235"}],"version-history":[{"count":0,"href":"https:\/\/comitati.fisi.org\/friuli-venezia-giulia\/wp-json\/wp\/v2\/posts\/93235\/revisions"}],"wp:featuredmedia":[{"embeddable":true,"href":"https:\/\/comitati.fisi.org\/friuli-venezia-giulia\/wp-json\/wp\/v2\/media\/92924"}],"wp:attachment":[{"href":"https:\/\/comitati.fisi.org\/friuli-venezia-giulia\/wp-json\/wp\/v2\/media?parent=93235"}],"wp:term":[{"taxonomy":"category","embeddable":true,"href":"https:\/\/comitati.fisi.org\/friuli-venezia-giulia\/wp-json\/wp\/v2\/categories?post=93235"},{"taxonomy":"post_tag","embeddable":true,"href":"https:\/\/comitati.fisi.org\/friuli-venezia-giulia\/wp-json\/wp\/v2\/tags?post=93235"}],"curies":[{"name":"wp","href":"https:\/\/api.w.org\/{rel}","templated":true}]}}