{"id":90793,"date":"2022-10-11T08:59:00","date_gmt":"2022-10-11T06:59:00","guid":{"rendered":"https:\/\/www.fisifvg.org\/?p=90793"},"modified":"2022-10-11T08:59:00","modified_gmt":"2022-10-11T06:59:00","slug":"il-team-giovani-sci-fondo-dellaldo-moro-si-prepara-alla-nuova-stagione","status":"publish","type":"post","link":"https:\/\/comitati.fisi.org\/friuli-venezia-giulia\/blog\/2022\/10\/11\/il-team-giovani-sci-fondo-dellaldo-moro-si-prepara-alla-nuova-stagione\/","title":{"rendered":"Il Team Giovani sci fondo dell&#8217;Aldo Moro si prepara alla nuova stagione"},"content":{"rendered":"<p><em><strong>Riceviamo dall&#8217;US Aldo Moro e volentieri pubblichiamo.<\/strong><\/em><\/p>\n<p>Durante il periodo estivo, il Team Giovani Sci Fondo dell\u2019Aldo Moro Paluzza, composto da Aurora Morassi, Virginia Del Fabbro, Aurora Baron, Katia Mori, Filippo Di Ronco e Leonardo Salon, \u00e8 stato impegnato anche in alcuni ritiri marini e\/o in ghiacciaio, sugli sci in alta quota, per prepararsi al meglio per le prossima stagioni invernali.<br \/>\nAnche quest\u2019anno il Team ha potuto iniziare queste settimane di preparazione e durante il mese di giugno si \u00e8 recato una settimana a Lignano Sabbiadoro.<br \/>\nNel periodo di ritiro, gli allenamenti si sono svolti due volte al giorno, mattina e pomeriggio. Nelle sedute di allenamento, gli atleti hanno praticato lo ski roll ogni giorno per circa 2\/4 h, nelle quali \u00e8 stata curata particolarmente l\u2019ottimizzazione della sciata.<br \/>\nOltre a questa disciplina, gli atleti dello sci club carnico hanno alternato ad essa la corsa, il preatletismo e le camminate sulla spiaggia.<br \/>\nDopo questo ritiro marittimo \u00e8 in programma un altro ritiro che si svolger\u00e0 in alta quota e pi\u00f9 precisamente a Livigno.<br \/>\nTutte le restanti settimane estive ed autunnali sono state caratterizzate da un costante impegno quasi giornaliero per tutti i ragazzi del Team.<br \/>\nLa societ\u00e0 sportiva Aldo Moro pu\u00f2 godere del sostegno della Fondazione Friuli e a dello sponsor Lavorazione Legnami Spa di Tolmezzo.<\/p>\n<p><em><strong>(nella foto Tommaso Di Ronco)<\/strong><\/em><\/p>\n<p>&nbsp;<\/p>\n","protected":false},"excerpt":{"rendered":"<p>Durante il periodo estivo la squadra \u00e8 stato impegnata anche in alcuni ritiri marini e in ghiacciaio<\/p>\n","protected":false},"author":4,"featured_media":87357,"comment_status":"closed","ping_status":"closed","sticky":false,"template":"","format":"standard","meta":{"_acf_changed":false,"footnotes":""},"categories":[10,11],"tags":[],"acf":[],"_links":{"self":[{"href":"https:\/\/comitati.fisi.org\/friuli-venezia-giulia\/wp-json\/wp\/v2\/posts\/90793"}],"collection":[{"href":"https:\/\/comitati.fisi.org\/friuli-venezia-giulia\/wp-json\/wp\/v2\/posts"}],"about":[{"href":"https:\/\/comitati.fisi.org\/friuli-venezia-giulia\/wp-json\/wp\/v2\/types\/post"}],"author":[{"embeddable":true,"href":"https:\/\/comitati.fisi.org\/friuli-venezia-giulia\/wp-json\/wp\/v2\/users\/4"}],"replies":[{"embeddable":true,"href":"https:\/\/comitati.fisi.org\/friuli-venezia-giulia\/wp-json\/wp\/v2\/comments?post=90793"}],"version-history":[{"count":0,"href":"https:\/\/comitati.fisi.org\/friuli-venezia-giulia\/wp-json\/wp\/v2\/posts\/90793\/revisions"}],"wp:featuredmedia":[{"embeddable":true,"href":"https:\/\/comitati.fisi.org\/friuli-venezia-giulia\/wp-json\/wp\/v2\/media\/87357"}],"wp:attachment":[{"href":"https:\/\/comitati.fisi.org\/friuli-venezia-giulia\/wp-json\/wp\/v2\/media?parent=90793"}],"wp:term":[{"taxonomy":"category","embeddable":true,"href":"https:\/\/comitati.fisi.org\/friuli-venezia-giulia\/wp-json\/wp\/v2\/categories?post=90793"},{"taxonomy":"post_tag","embeddable":true,"href":"https:\/\/comitati.fisi.org\/friuli-venezia-giulia\/wp-json\/wp\/v2\/tags?post=90793"}],"curies":[{"name":"wp","href":"https:\/\/api.w.org\/{rel}","templated":true}]}}