{"id":90742,"date":"2022-10-04T14:47:43","date_gmt":"2022-10-04T12:47:43","guid":{"rendered":"https:\/\/www.fisifvg.org\/?p=90742"},"modified":"2022-10-04T14:47:43","modified_gmt":"2022-10-04T12:47:43","slug":"eyof-2023-presentato-al-42-seminario-dei-comitati-olimpici-europei-in-grecia","status":"publish","type":"post","link":"https:\/\/comitati.fisi.org\/friuli-venezia-giulia\/blog\/2022\/10\/04\/eyof-2023-presentato-al-42-seminario-dei-comitati-olimpici-europei-in-grecia\/","title":{"rendered":"EYOF 2023 presentato al 42\u00b0 seminario dei Comitati Olimpici Europei in Grecia"},"content":{"rendered":"<p>L&#8217;Accademia Olimpica Internazionale di Olympia in Grecia ha ospitato il 42\u00b0 Seminario dei Comitati Olimpici Europei (COE). L&#8217;iniziativa ha chiuso la Settimana europea dello sport, evento annuale lanciato dall&#8217;Unione europea nel 2015.<\/p>\n<p>In terra ellenica sono stati illustrati vari progetti ed iniziative, tra cui le due edizioni del Festival Olimpico della Giovent\u00f9 Europea 2023 (EYOF), quella invernale in Friuli Venezia Giulia (dal 21 al 28 gennaio) e quella estiva, a pochi chilometri di distanza, a Maribor in Slovenia (dal 23 al 29 luglio). Sempre nel 2023 la Polonia (Cracovia-Ma\u0142opolska) ospiter\u00e0 la terza edizione dei Giochi Europei (dal 21 giugno al 3 luglio 2023).<\/p>\n<div id=\"attachment_90744\" style=\"width: 410px\" class=\"wp-caption alignright\"><a href=\"http:\/\/comitati.fisi.org\/friuli-venezia-giulia\/wp-content\/uploads\/sites\/34\/2022\/10\/Eyof-2023-FVG-a-Olympia.jpg\"><img loading=\"lazy\" decoding=\"async\" aria-describedby=\"caption-attachment-90744\" class=\"wp-image-90744\" src=\"http:\/\/comitati.fisi.org\/friuli-venezia-giulia\/wp-content\/uploads\/sites\/34\/2022\/10\/Eyof-2023-FVG-a-Olympia-400x400.jpg\" alt=\"\" width=\"400\" height=\"386\" \/><\/a><p id=\"caption-attachment-90744\" class=\"wp-caption-text\">Eyof 2023 FVG a Olympia<\/p><\/div>\n<p>Il direttore generale del comitato organizzatore\u00a0EYOF2023\u00a0<strong>Giorgio Kaidisch<\/strong> ha illustrato ai vari rappresentanti dei singoli comitati olimpici partecipanti quella che sar\u00e0 la sedicesima edizione del Festival, uno dei pi\u00f9 grandi eventi europei multisport a livello giovanile per atleti di et\u00e0 dai 14 ai 18 anni. Dodici sedi di gara, dodici sport rappresentati (per un totale di 14 eventi sportivi), che vedranno competere atleti provenienti da 47 Paesi per circa 2300 accreditati all&#8217;evento. Sar\u00e0 un&#8217;edizione estremamente tecnologica e digitale ma, allo stesso tempo, attenta all&#8217;ambiente e alla sostenibilit\u00e0. Per ci\u00f2 che concerne l&#8217;accoglienza alberghiera, sar\u00e0 suddivisa nei 3 villaggi\/cluster di riferimento Tarvisiano\/Udine, Carnia, Piancavallo\/Pordenone, con l&#8217;aggiunta di Trieste quale base principale per la &#8220;famiglia&#8221; dei Comitati Olimpici Europei. Pi\u00f9 di 80 le strutture ricettive che saranno occupate durante i 10 giorni di durate dell&#8217;evento. Il presidente della Commissione di Coordinamento dei Comitati Olimpici Europei <strong>Borut Kolaric<\/strong><strong>\u00a0<\/strong>ha sottolineato la professionalit\u00e0 e dedizione dei soggetti coinvolti su vari livelli, dalle istituzioni regionali e nazionali, \u00a0alla squadra del Comitato Organizzatore e ai volontari che gi\u00e0 supportano l&#8217;organizzazione nella preparazione del XVI Festival Olimpico della Giovent\u00f9 Europea.<\/p>\n<p>Al seminario ha partecipato anche la presidente della commissione EYOF dell&#8217;associazione dei Comitati Olimpici Europei\u00a0<strong>Liney Haldorsdottir<\/strong>, di ritorno dalla recente visita in regione. Haldorsdottir si \u00e8 soffermata sugli importanti benefici che i giovani atleti ottengono gareggiando in eventi multisport come quelli estivi 2022 di Banska Bystrica in Slovacchia e quelli invernali del prossimo gennaio in Friuli Venezia Giulia.<\/p>\n<p>&nbsp;<\/p>\n","protected":false},"excerpt":{"rendered":"<p>Il direttore generale del comitato organizzatore Giorgio Kaidisch\u00a0ha illustrato\u00a0la sedicesima edizione del Festival Olimpico della Giovent\u00f9 Europea<\/p>\n","protected":false},"author":4,"featured_media":90743,"comment_status":"closed","ping_status":"closed","sticky":false,"template":"","format":"standard","meta":{"_acf_changed":false,"footnotes":""},"categories":[24,10],"tags":[],"acf":[],"_links":{"self":[{"href":"https:\/\/comitati.fisi.org\/friuli-venezia-giulia\/wp-json\/wp\/v2\/posts\/90742"}],"collection":[{"href":"https:\/\/comitati.fisi.org\/friuli-venezia-giulia\/wp-json\/wp\/v2\/posts"}],"about":[{"href":"https:\/\/comitati.fisi.org\/friuli-venezia-giulia\/wp-json\/wp\/v2\/types\/post"}],"author":[{"embeddable":true,"href":"https:\/\/comitati.fisi.org\/friuli-venezia-giulia\/wp-json\/wp\/v2\/users\/4"}],"replies":[{"embeddable":true,"href":"https:\/\/comitati.fisi.org\/friuli-venezia-giulia\/wp-json\/wp\/v2\/comments?post=90742"}],"version-history":[{"count":0,"href":"https:\/\/comitati.fisi.org\/friuli-venezia-giulia\/wp-json\/wp\/v2\/posts\/90742\/revisions"}],"wp:featuredmedia":[{"embeddable":true,"href":"https:\/\/comitati.fisi.org\/friuli-venezia-giulia\/wp-json\/wp\/v2\/media\/90743"}],"wp:attachment":[{"href":"https:\/\/comitati.fisi.org\/friuli-venezia-giulia\/wp-json\/wp\/v2\/media?parent=90742"}],"wp:term":[{"taxonomy":"category","embeddable":true,"href":"https:\/\/comitati.fisi.org\/friuli-venezia-giulia\/wp-json\/wp\/v2\/categories?post=90742"},{"taxonomy":"post_tag","embeddable":true,"href":"https:\/\/comitati.fisi.org\/friuli-venezia-giulia\/wp-json\/wp\/v2\/tags?post=90742"}],"curies":[{"name":"wp","href":"https:\/\/api.w.org\/{rel}","templated":true}]}}