{"id":90592,"date":"2022-09-22T15:14:06","date_gmt":"2022-09-22T13:14:06","guid":{"rendered":"https:\/\/www.fisifvg.org\/?p=90592"},"modified":"2022-09-22T15:14:06","modified_gmt":"2022-09-22T13:14:06","slug":"eyof-2023-soddisfazione-dopo-la-visita-del-coni-e-dei-capi-delegazione-coe","status":"publish","type":"post","link":"https:\/\/comitati.fisi.org\/friuli-venezia-giulia\/blog\/2022\/09\/22\/eyof-2023-soddisfazione-dopo-la-visita-del-coni-e-dei-capi-delegazione-coe\/","title":{"rendered":"EYOF 2023: soddisfazione dopo la visita del CONI e dei capi delegazione COE"},"content":{"rendered":"<div>\n<p>Il risultato della tre giorni della visita del CONI e dei capi delegazione dei comitati olimpici europei, che parteciperanno al Festival Olimpico della Giovent\u00f9 Europea in Friuli Venezia Giulia, dal 21 al 28 gennaio 2023, \u00e8 stato molto soddisfacente. Un centinaio di persone ha potuto visionare le varie sedi di gara, suddivise nei 3 cluster di Tarvisio-Udine, Piancavallo e Carnia.<\/p>\n<\/div>\n<div>\n<p>Per il segretario generale del CONI, <strong>Carlo Mornati<\/strong>, Eyof 2023 si presenta con le carte in regola per essere un altro importante evento sportivo internazionale organizzato in una regione, il Friuli Venezia Giulia, in cui lo sport \u00e8 parte integrante della societ\u00e0 e dove le capacit\u00e0, passioni e competenze sono sempre state un esempio per tutti. Sar\u00e0 una prima assoluta per ci\u00f2 che concerne il format dei giochi giovanili europei olimpici che prevede il coinvolgimento di un\u2019intera regione e non di una sola localit\u00e0.<\/p>\n<\/div>\n<div>\n<p>La presidente della commissione Eyof dei Comitati Olimpici Europei, <strong>Liney Halldorsdottir<\/strong> ha espresso la propria soddisfazione per la scelta delle localit\u00e0 in cui gareggeranno gli oltre 1200 atleti (dai 14 ai 18 anni) nei 12 sport (14 eventi sportivi) inseriti nel calendario della sedicesima edizione invernale dei giochi. La Halldorsdottir ha voluto anche ringraziare il presidente di Eyof 2023, Maurizio Dunnhofer per l\u2019accoglienza e la presentazione dell\u2019evento illustrata ai numerosi ospiti provenienti da tutto il continente. La Commissione COE ritorner\u00e0 in regione ai primi di dicembre per un ultima visita nell\u2019attesa della cerimonia di apertura del 21 gennaio prevista in piazza dell\u2019Unit\u00e0 d\u2019Italia a Trieste.<\/p>\n<\/div>\n<div>\n<p>Quarantasette nazioni si sono accreditate per l&#8217;evento in programma il prossimo gennaio, per un totale di oltre 2100 partecipanti complessivi.<\/p>\n<p>&nbsp;<\/p>\n<\/div>\n","protected":false},"excerpt":{"rendered":"<p>Quarantasette nazioni si sono accreditate per l&#8217;evento in programma il prossimo gennaio, per un totale di oltre 2100 partecipanti complessivi<\/p>\n","protected":false},"author":4,"featured_media":90593,"comment_status":"closed","ping_status":"closed","sticky":false,"template":"","format":"standard","meta":{"_acf_changed":false,"footnotes":""},"categories":[24,10],"tags":[],"acf":[],"_links":{"self":[{"href":"https:\/\/comitati.fisi.org\/friuli-venezia-giulia\/wp-json\/wp\/v2\/posts\/90592"}],"collection":[{"href":"https:\/\/comitati.fisi.org\/friuli-venezia-giulia\/wp-json\/wp\/v2\/posts"}],"about":[{"href":"https:\/\/comitati.fisi.org\/friuli-venezia-giulia\/wp-json\/wp\/v2\/types\/post"}],"author":[{"embeddable":true,"href":"https:\/\/comitati.fisi.org\/friuli-venezia-giulia\/wp-json\/wp\/v2\/users\/4"}],"replies":[{"embeddable":true,"href":"https:\/\/comitati.fisi.org\/friuli-venezia-giulia\/wp-json\/wp\/v2\/comments?post=90592"}],"version-history":[{"count":0,"href":"https:\/\/comitati.fisi.org\/friuli-venezia-giulia\/wp-json\/wp\/v2\/posts\/90592\/revisions"}],"wp:featuredmedia":[{"embeddable":true,"href":"https:\/\/comitati.fisi.org\/friuli-venezia-giulia\/wp-json\/wp\/v2\/media\/90593"}],"wp:attachment":[{"href":"https:\/\/comitati.fisi.org\/friuli-venezia-giulia\/wp-json\/wp\/v2\/media?parent=90592"}],"wp:term":[{"taxonomy":"category","embeddable":true,"href":"https:\/\/comitati.fisi.org\/friuli-venezia-giulia\/wp-json\/wp\/v2\/categories?post=90592"},{"taxonomy":"post_tag","embeddable":true,"href":"https:\/\/comitati.fisi.org\/friuli-venezia-giulia\/wp-json\/wp\/v2\/tags?post=90592"}],"curies":[{"name":"wp","href":"https:\/\/api.w.org\/{rel}","templated":true}]}}