{"id":90586,"date":"2022-09-23T14:53:25","date_gmt":"2022-09-23T12:53:25","guid":{"rendered":"https:\/\/www.fisifvg.org\/?p=90586"},"modified":"2022-09-23T14:53:25","modified_gmt":"2022-09-23T12:53:25","slug":"a-tarvisio-la-gara-internazionale-alpe-adria-di-salto-con-gli-sci","status":"publish","type":"post","link":"https:\/\/comitati.fisi.org\/friuli-venezia-giulia\/blog\/2022\/09\/23\/a-tarvisio-la-gara-internazionale-alpe-adria-di-salto-con-gli-sci\/","title":{"rendered":"A Tarvisio la gara internazionale &#8220;Alpe Adria&#8221; di salto con gli sci"},"content":{"rendered":"<p>Sar\u00e0 un inizio mese intenso a Tarvisio per il salto e la combinata nordica giovanile.<\/p>\n<p>Oltre al &#8220;Trofeo Mario Plazzotta, in programma domenica 2 ottobre (<a href=\"https:\/\/www.fisifvg.org\/2022\/09\/15\/il-salto-e-la-combinata-giovanili-fanno-tappa-a-tarvisio\/\">QUI I DETTAGLI<\/a>), sabato 1 allo Stadio del Salto in localit\u00e0 Boscoverde si svolger\u00e0 una gar\u00e0 internazionale &#8220;Alpe Adria&#8221; esclusivamente di salto, sempre per l&#8217;organizzazione dello Sci CAI Monte Lussari, con in palio il &#8220;Trofeo De Martiis&#8221;.<\/p>\n<p>In gara, a partire dalle 10, giovanissimi atleti nati dal 2011 al 2015, che si cimenteranno, a seconda della data di nascita, sui trampolini K11, K21 e K31.<\/p>\n","protected":false},"excerpt":{"rendered":"<p>Appuntamento sabato 1\u00b0 ottobre, organizza lo Sci CAI Monte Lussari<\/p>\n","protected":false},"author":4,"featured_media":75982,"comment_status":"closed","ping_status":"closed","sticky":false,"template":"","format":"standard","meta":{"_acf_changed":false,"footnotes":""},"categories":[10,12],"tags":[],"acf":[],"_links":{"self":[{"href":"https:\/\/comitati.fisi.org\/friuli-venezia-giulia\/wp-json\/wp\/v2\/posts\/90586"}],"collection":[{"href":"https:\/\/comitati.fisi.org\/friuli-venezia-giulia\/wp-json\/wp\/v2\/posts"}],"about":[{"href":"https:\/\/comitati.fisi.org\/friuli-venezia-giulia\/wp-json\/wp\/v2\/types\/post"}],"author":[{"embeddable":true,"href":"https:\/\/comitati.fisi.org\/friuli-venezia-giulia\/wp-json\/wp\/v2\/users\/4"}],"replies":[{"embeddable":true,"href":"https:\/\/comitati.fisi.org\/friuli-venezia-giulia\/wp-json\/wp\/v2\/comments?post=90586"}],"version-history":[{"count":0,"href":"https:\/\/comitati.fisi.org\/friuli-venezia-giulia\/wp-json\/wp\/v2\/posts\/90586\/revisions"}],"wp:featuredmedia":[{"embeddable":true,"href":"https:\/\/comitati.fisi.org\/friuli-venezia-giulia\/wp-json\/wp\/v2\/media\/75982"}],"wp:attachment":[{"href":"https:\/\/comitati.fisi.org\/friuli-venezia-giulia\/wp-json\/wp\/v2\/media?parent=90586"}],"wp:term":[{"taxonomy":"category","embeddable":true,"href":"https:\/\/comitati.fisi.org\/friuli-venezia-giulia\/wp-json\/wp\/v2\/categories?post=90586"},{"taxonomy":"post_tag","embeddable":true,"href":"https:\/\/comitati.fisi.org\/friuli-venezia-giulia\/wp-json\/wp\/v2\/tags?post=90586"}],"curies":[{"name":"wp","href":"https:\/\/api.w.org\/{rel}","templated":true}]}}