{"id":90564,"date":"2022-09-20T07:15:41","date_gmt":"2022-09-20T05:15:41","guid":{"rendered":"https:\/\/www.fisifvg.org\/?p=90564"},"modified":"2022-09-20T07:15:41","modified_gmt":"2022-09-20T05:15:41","slug":"buzzi-pittin-e-gli-altri-azzurri-della-combinata-al-lavoro-nelle-marche","status":"publish","type":"post","link":"https:\/\/comitati.fisi.org\/friuli-venezia-giulia\/blog\/2022\/09\/20\/buzzi-pittin-e-gli-altri-azzurri-della-combinata-al-lavoro-nelle-marche\/","title":{"rendered":"Buzzi, Pittin e gli altri azzurri della combinata al lavoro nelle Marche"},"content":{"rendered":"<div class=\"txt line-height-medium mb-5 news-content\">\n<p>Il direttore tecnico Ivo Pertile ha deciso di convocare le squadre A e B di combinata nordica maschili e femminili per un raduno a Numana. Nella localit\u00e0 marchigiana i combinatisti azzurri saranno impegnati da marted\u00ec 20 a luned\u00ec 26 settembre.<\/p>\n<p>Presenti tra le donne Annika Sieff, Veronica Gianmoena e Daniela Dejori; tra gli uomini confermata la presenza di <strong>Raffaele Buzzi, Alessandro Pittin,<\/strong> Aaron Kostner, Domenico Mariotti e Iacopo Bortolas. A seguire gli azzurri lo staff composto da <strong>Andrea Morassi,<\/strong> Enrico Nizzi e Fabio Selle.<\/p>\n<p><em><strong>(nella foto Alessandro Pittin)<\/strong><\/em><\/p>\n<\/div>\n","protected":false},"excerpt":{"rendered":"<p>Il raduno si svolger\u00e0 a Numana dal 20 al 26 settembre<\/p>\n","protected":false},"author":4,"featured_media":85329,"comment_status":"closed","ping_status":"closed","sticky":false,"template":"","format":"standard","meta":{"_acf_changed":false,"footnotes":""},"categories":[14,10],"tags":[],"acf":[],"_links":{"self":[{"href":"https:\/\/comitati.fisi.org\/friuli-venezia-giulia\/wp-json\/wp\/v2\/posts\/90564"}],"collection":[{"href":"https:\/\/comitati.fisi.org\/friuli-venezia-giulia\/wp-json\/wp\/v2\/posts"}],"about":[{"href":"https:\/\/comitati.fisi.org\/friuli-venezia-giulia\/wp-json\/wp\/v2\/types\/post"}],"author":[{"embeddable":true,"href":"https:\/\/comitati.fisi.org\/friuli-venezia-giulia\/wp-json\/wp\/v2\/users\/4"}],"replies":[{"embeddable":true,"href":"https:\/\/comitati.fisi.org\/friuli-venezia-giulia\/wp-json\/wp\/v2\/comments?post=90564"}],"version-history":[{"count":0,"href":"https:\/\/comitati.fisi.org\/friuli-venezia-giulia\/wp-json\/wp\/v2\/posts\/90564\/revisions"}],"wp:featuredmedia":[{"embeddable":true,"href":"https:\/\/comitati.fisi.org\/friuli-venezia-giulia\/wp-json\/wp\/v2\/media\/85329"}],"wp:attachment":[{"href":"https:\/\/comitati.fisi.org\/friuli-venezia-giulia\/wp-json\/wp\/v2\/media?parent=90564"}],"wp:term":[{"taxonomy":"category","embeddable":true,"href":"https:\/\/comitati.fisi.org\/friuli-venezia-giulia\/wp-json\/wp\/v2\/categories?post=90564"},{"taxonomy":"post_tag","embeddable":true,"href":"https:\/\/comitati.fisi.org\/friuli-venezia-giulia\/wp-json\/wp\/v2\/tags?post=90564"}],"curies":[{"name":"wp","href":"https:\/\/api.w.org\/{rel}","templated":true}]}}