{"id":90511,"date":"2022-09-16T14:26:03","date_gmt":"2022-09-16T12:26:03","guid":{"rendered":"https:\/\/www.fisifvg.org\/?p=90511"},"modified":"2022-09-16T14:26:03","modified_gmt":"2022-09-16T12:26:03","slug":"eyof-2023-attese-quasi-100-persone-in-friuli-per-il-chef-de-mission-seminar","status":"publish","type":"post","link":"https:\/\/comitati.fisi.org\/friuli-venezia-giulia\/blog\/2022\/09\/16\/eyof-2023-attese-quasi-100-persone-in-friuli-per-il-chef-de-mission-seminar\/","title":{"rendered":"EYOF 2023, attese quasi 100 persone in FVG per lo &#8220;Chef de mission seminar&#8221;"},"content":{"rendered":"<p>Dal 19 al 22 settembre il comitato organizzatore di Eyof 2023 &#8211; Festival\u00a0Olimpico della Giovent\u00f9 Europea &#8211;\u00a0che si terr\u00e0 dal 21 al 28 gennaio del prossimo anno in Friuli Venezia Giulia e che vedr\u00e0 la partecipazione di migliaia di giovani atleti (14-18 anni) provenienti da 47 paesi, ospiter\u00e0 la commissione Eyof 2023 del Comitato Olimpico Europeo, 70 Capi delegazione provenienti da 42 nazioni europee e un gruppo di Observer delle future edizioni\u00a0dell&#8217;evento, per un totale di un centinaio di persone.<\/p>\n<p>Il programma prevede delle visite ed itinerari in alcune localit\u00e0 di gara tra cui Tarvisio, Carnia e Claut e il seminario &#8220;Chef de Mission&#8221;, calendarizzato mercoled\u00ec 21 ad Amaro, nella sede di Eyof 2023, a partire dalle ore 9.15. In questa occasione verr\u00e0 presentata agli ospiti la sedicesima edizione invernale del Festival che vedr\u00e0 l&#8217;intero Friuli Venezia Giulia coinvolto nel pi\u00f9 grande evento multisport per i giovani d&#8217;Europa, con 12 sedi di gara. Il programma prevede anche l&#8217;illustrazione del progetto &#8220;European Young Olympic Ambassador&#8221; che mira a rafforzare i valori olimpici tra i giovani atleti che partecipano a Eyof, l&#8217;importante ruolo del Trieste Airport e la collaborazione con l&#8217;Universit\u00e0 di Udine coinvolta in varie attivit\u00e0 di ricerca tra cui un Innovativo progetto digitale di analisi, valutazione e descrizione delle prestazioni sportive.<\/p>\n<p>La prossima settimana gli ospiti avranno modo anche di scoprire citt\u00e0 e localit\u00e0 FVG e apprezzare l\u2019ospitalit\u00e0 della regione.<\/p>\n<p>La Commissione COE &#8211; EYOF2023 FVG sar\u00e0 rappresentata dal Presidente\u00a0Borut Kolaric, dallo Sport Director Peter Brull e dai membri\u00a0Mamuka Khabareli e\u00a0Joseph Cassar. Accanto a loro ci saranno, come staff COE, Donatella Del Gaudio (Communications &amp; Media relations),\u00a0Francesco Basili (Sport Events) e\u00a0Clea Papaellina (EYOA Programme). Tra gli\u00a0Observer le delegazioni degli\u00a0European Games Varsavia 2023 (Presidente e NOC Manager) e l&#8217;EYOF estivo 2023 Maribor, Slovenia. Tra le autorit\u00e0 presenti ha confermato anche la sua presenza\u00a0Liney Halld\u00f3rsd\u00f3ttir (EOC EYOF Chair).<\/p>\n<p>&nbsp;<\/p>\n","protected":false},"excerpt":{"rendered":"<p>Prevista la presenza di 70 Capi delegazione provenienti da 42 nazioni europee e un gruppo di Observer delle future edizioni\u00a0dell&#8217;evento<\/p>\n","protected":false},"author":4,"featured_media":90512,"comment_status":"closed","ping_status":"closed","sticky":false,"template":"","format":"standard","meta":{"_acf_changed":false,"footnotes":""},"categories":[24,10,17],"tags":[],"acf":[],"_links":{"self":[{"href":"https:\/\/comitati.fisi.org\/friuli-venezia-giulia\/wp-json\/wp\/v2\/posts\/90511"}],"collection":[{"href":"https:\/\/comitati.fisi.org\/friuli-venezia-giulia\/wp-json\/wp\/v2\/posts"}],"about":[{"href":"https:\/\/comitati.fisi.org\/friuli-venezia-giulia\/wp-json\/wp\/v2\/types\/post"}],"author":[{"embeddable":true,"href":"https:\/\/comitati.fisi.org\/friuli-venezia-giulia\/wp-json\/wp\/v2\/users\/4"}],"replies":[{"embeddable":true,"href":"https:\/\/comitati.fisi.org\/friuli-venezia-giulia\/wp-json\/wp\/v2\/comments?post=90511"}],"version-history":[{"count":0,"href":"https:\/\/comitati.fisi.org\/friuli-venezia-giulia\/wp-json\/wp\/v2\/posts\/90511\/revisions"}],"wp:featuredmedia":[{"embeddable":true,"href":"https:\/\/comitati.fisi.org\/friuli-venezia-giulia\/wp-json\/wp\/v2\/media\/90512"}],"wp:attachment":[{"href":"https:\/\/comitati.fisi.org\/friuli-venezia-giulia\/wp-json\/wp\/v2\/media?parent=90511"}],"wp:term":[{"taxonomy":"category","embeddable":true,"href":"https:\/\/comitati.fisi.org\/friuli-venezia-giulia\/wp-json\/wp\/v2\/categories?post=90511"},{"taxonomy":"post_tag","embeddable":true,"href":"https:\/\/comitati.fisi.org\/friuli-venezia-giulia\/wp-json\/wp\/v2\/tags?post=90511"}],"curies":[{"name":"wp","href":"https:\/\/api.w.org\/{rel}","templated":true}]}}