{"id":90509,"date":"2022-09-16T10:22:26","date_gmt":"2022-09-16T08:22:26","guid":{"rendered":"https:\/\/www.fisifvg.org\/?p=90509"},"modified":"2022-09-16T10:22:26","modified_gmt":"2022-09-16T08:22:26","slug":"raduno-allo-stelvio-con-la-squadra-azzurra-dello-sbx-per-michele-godino","status":"publish","type":"post","link":"https:\/\/comitati.fisi.org\/friuli-venezia-giulia\/blog\/2022\/09\/16\/raduno-allo-stelvio-con-la-squadra-azzurra-dello-sbx-per-michele-godino\/","title":{"rendered":"Raduno allo Stelvio con la squadra azzurra dello sbx per Michele Godino"},"content":{"rendered":"<p>La squadra di Coppa del mondo di snowboardcross torna ad allenarsi in pista al passo dello Stelvio, da luned\u00ec 19 a venerd\u00ec 23 settembre. Il direttore tecnico Cesare Pisoni, ha organizzato un raduno che vedr\u00e0 presenti Lorenzo Sommariva, Filippo Ferrari, Tommaso Leoni, Matteo Menconi, Omar Visintin, <strong>Michele Godino <em>(nella foto),<\/em><\/strong> Francesca Gallina, Raffaella Brutto, Sofia Belingheri, Caterina Carpano e Michela Moioli. Saranno presenti, oltre allo stesso dt Pisoni, i tecnici Daniele Compagnoni, Lorenzo Occhipinti, Luca Pozzolini, Stefano Pozzolini, Riccardo Bagliani, Luigi Devizzi, Luca Martorelli e Simone Maffioletti. Il primo appuntamento con la Coppa del mondo \u00e8 previsto sulla pista francese di Les Deux Alpes sabato 29 ottobre.<\/p>\n","protected":false},"excerpt":{"rendered":"<p>Dal 19 al 23 settembre gli allenamenti del gruppo di Coppa del Mondo<\/p>\n","protected":false},"author":4,"featured_media":83040,"comment_status":"closed","ping_status":"closed","sticky":false,"template":"","format":"standard","meta":{"_acf_changed":false,"footnotes":""},"categories":[10,18],"tags":[],"acf":[],"_links":{"self":[{"href":"https:\/\/comitati.fisi.org\/friuli-venezia-giulia\/wp-json\/wp\/v2\/posts\/90509"}],"collection":[{"href":"https:\/\/comitati.fisi.org\/friuli-venezia-giulia\/wp-json\/wp\/v2\/posts"}],"about":[{"href":"https:\/\/comitati.fisi.org\/friuli-venezia-giulia\/wp-json\/wp\/v2\/types\/post"}],"author":[{"embeddable":true,"href":"https:\/\/comitati.fisi.org\/friuli-venezia-giulia\/wp-json\/wp\/v2\/users\/4"}],"replies":[{"embeddable":true,"href":"https:\/\/comitati.fisi.org\/friuli-venezia-giulia\/wp-json\/wp\/v2\/comments?post=90509"}],"version-history":[{"count":0,"href":"https:\/\/comitati.fisi.org\/friuli-venezia-giulia\/wp-json\/wp\/v2\/posts\/90509\/revisions"}],"wp:featuredmedia":[{"embeddable":true,"href":"https:\/\/comitati.fisi.org\/friuli-venezia-giulia\/wp-json\/wp\/v2\/media\/83040"}],"wp:attachment":[{"href":"https:\/\/comitati.fisi.org\/friuli-venezia-giulia\/wp-json\/wp\/v2\/media?parent=90509"}],"wp:term":[{"taxonomy":"category","embeddable":true,"href":"https:\/\/comitati.fisi.org\/friuli-venezia-giulia\/wp-json\/wp\/v2\/categories?post=90509"},{"taxonomy":"post_tag","embeddable":true,"href":"https:\/\/comitati.fisi.org\/friuli-venezia-giulia\/wp-json\/wp\/v2\/tags?post=90509"}],"curies":[{"name":"wp","href":"https:\/\/api.w.org\/{rel}","templated":true}]}}