{"id":90339,"date":"2022-09-08T14:30:55","date_gmt":"2022-09-08T12:30:55","guid":{"rendered":"https:\/\/www.fisifvg.org\/?p=90339"},"modified":"2022-09-08T14:30:55","modified_gmt":"2022-09-08T12:30:55","slug":"lara-della-mea-pronta-a-partire-in-direzione-argentina","status":"publish","type":"post","link":"https:\/\/comitati.fisi.org\/friuli-venezia-giulia\/blog\/2022\/09\/08\/lara-della-mea-pronta-a-partire-in-direzione-argentina\/","title":{"rendered":"Lara Della Mea pronta a partire in direzione Argentina"},"content":{"rendered":"<div class=\"txt line-height-medium mb-5 news-content\">\n<p>Il gruppo maschile della velocit\u00e0 di Coppa Europa di sci alpino si appresta a partire verso le nevi argentine di Ushuaia, dove scier\u00e0 da venerd\u00ec 9 settembre a venerd\u00ec 7 ottobre con Marco Abbruzzese, Benjamin Alliod, Gregorio Bernardi, Matteo Franzoso, Maximilian Ranzi, Federico Scussel, Federico Simoni e Simon Talacci, insieme all\u2019allenatore responsabile Alexander Prosch e ai tecnici Walter Ronconi, Cesare Prati e Stefano Canavese.<\/p>\n<p>Nello stesso giorno di partenza \u00e8 prevista anche la presenza del gruppo di Coppa Europa Cortina 2026 femminile, con <strong>Lara Della Mea<\/strong> (<em><strong>nella foto<\/strong><\/em>), Anita Gulli, Celina Haller, Martina Peterlini, Marta Rossetti, Vera Tschurtschenthaler e Serena Viviani con l\u2019allenatore responsabile Roberto Lorenzi e i tecnici Giancarlo Bergamelli e Thierry Marguerettaz. Il giorno di rientro \u00e8 previsto per luned\u00ec 3 ottobre.<\/p>\n<\/div>\n","protected":false},"excerpt":{"rendered":"<p>I gruppi di Coppa Europa di sci alpino voleranno venerd\u00ec 9 a Ushuaia<\/p>\n","protected":false},"author":4,"featured_media":82001,"comment_status":"closed","ping_status":"closed","sticky":false,"template":"","format":"standard","meta":{"_acf_changed":false,"footnotes":""},"categories":[10,15],"tags":[],"acf":[],"_links":{"self":[{"href":"https:\/\/comitati.fisi.org\/friuli-venezia-giulia\/wp-json\/wp\/v2\/posts\/90339"}],"collection":[{"href":"https:\/\/comitati.fisi.org\/friuli-venezia-giulia\/wp-json\/wp\/v2\/posts"}],"about":[{"href":"https:\/\/comitati.fisi.org\/friuli-venezia-giulia\/wp-json\/wp\/v2\/types\/post"}],"author":[{"embeddable":true,"href":"https:\/\/comitati.fisi.org\/friuli-venezia-giulia\/wp-json\/wp\/v2\/users\/4"}],"replies":[{"embeddable":true,"href":"https:\/\/comitati.fisi.org\/friuli-venezia-giulia\/wp-json\/wp\/v2\/comments?post=90339"}],"version-history":[{"count":0,"href":"https:\/\/comitati.fisi.org\/friuli-venezia-giulia\/wp-json\/wp\/v2\/posts\/90339\/revisions"}],"wp:featuredmedia":[{"embeddable":true,"href":"https:\/\/comitati.fisi.org\/friuli-venezia-giulia\/wp-json\/wp\/v2\/media\/82001"}],"wp:attachment":[{"href":"https:\/\/comitati.fisi.org\/friuli-venezia-giulia\/wp-json\/wp\/v2\/media?parent=90339"}],"wp:term":[{"taxonomy":"category","embeddable":true,"href":"https:\/\/comitati.fisi.org\/friuli-venezia-giulia\/wp-json\/wp\/v2\/categories?post=90339"},{"taxonomy":"post_tag","embeddable":true,"href":"https:\/\/comitati.fisi.org\/friuli-venezia-giulia\/wp-json\/wp\/v2\/tags?post=90339"}],"curies":[{"name":"wp","href":"https:\/\/api.w.org\/{rel}","templated":true}]}}