{"id":90190,"date":"2022-08-27T14:37:40","date_gmt":"2022-08-27T12:37:40","guid":{"rendered":"https:\/\/www.fisifvg.org\/?p=90190"},"modified":"2022-08-27T14:37:40","modified_gmt":"2022-08-27T12:37:40","slug":"illustrato-ai-sindaci-il-piano-organizzativo-di-eyof-fvg-2023","status":"publish","type":"post","link":"https:\/\/comitati.fisi.org\/friuli-venezia-giulia\/blog\/2022\/08\/27\/illustrato-ai-sindaci-il-piano-organizzativo-di-eyof-fvg-2023\/","title":{"rendered":"Illustrato ai sindaci il piano organizzativo di EYOF FVG 2023"},"content":{"rendered":"<p>Amaro, sede ufficiale di Eyof 2023, ha ospitato l\u2019incontro con i sindaci dei territori coinvolti in questo evento sportivo invernale giovanile multisport che si terr\u00e0 dal 21 al 28 gennaio del prossimo anno in Friuli Venezia Giulia e che vedr\u00e0 la partecipazione di giovani atleti (14-18 anni) provenienti dai 50 Paesi facenti parte dell\u2019associazione dei Comitati Olimpici Europei.<\/p>\n<p>L\u2019appuntamento \u00e8 stato inserito all\u2019interno del calendario del tour dei sindaci FVG che si sta svolgendo in questo periodo per promuovere le varie sedi di gara dei giochi e per sentire, direttamente dalla voce dei primi cittadini, come ogni localit\u00e0 si sta preparando ad accogliere gli atleti, i tecnici, le delegazioni, gli addetti ai lavori e i tifosi provenienti da tutto il continente.<\/p>\n<p>Il presidente Eyof 2023, <strong>Maurizio Dunnhofer<\/strong> ha voluto personalmente ringraziare i sindaci che rappresentano le comunit\u00e0 locali alle quali, questo grande evento sportivo vuole lasciare qualcosa di importante anche per gli anni a venire. <em>Coinvolgere i vari territori regionali \u00e8 stato il primo obiettivo di Eyof 2023, sin dalla proposta di candidatura. La nostra idea innovativa di rendere partecipi all\u2019evento tutte le nostre localit\u00e0 montane e le citt\u00e0 di Trieste e Udine, \u00e8 stata molto apprezzata dal COE che l\u2019ha considerata come possibile modello da seguire anche per le prossime edizioni.<\/em><\/p>\n<p>Il presidente del CONI Friuli Venezia Giulia, <strong>Giorgio Brandolin<\/strong> (che in Eyof 2023 copre il ruolo di vicepresidente) ha voluto ringraziare la regione FVG per aver coinvolto, in qualit\u00e0 di sostenitore dell\u2019evento, il Dipartimento per lo Sport della Presidenza del Consiglio dei ministri. <em>Tutto il mondo sportivo regionale, non solo quello delle discipline invernali, pu\u00f2 essere orgoglioso di ospitare un altro evento sportivo internazionale del valore di Eyof<\/em>. <em>Come sempre<\/em>, ha continuato Brandolin, <em>ci faremo trovare pronti grazie alla preparazione e seriet\u00e0 dei nostri dirigenti federali, tecnici, societ\u00e0 sportive e volontari<\/em> <em>che saranno parte integrante di questo evento sportivo europeo giovanile multi sport. Siamo anche molto fiduciosi per ci\u00f2 che concerne i nostri atleti regionali che, ne sono sicuro, non ci deluderanno.<\/em><\/p>\n<p>Per il direttore Montagna FVG di PromoturismoFVG, <strong>Iacopo Mestroni<\/strong> Eyof 2023 \u00e8 indubbiamente l\u2019evento sportivo pi\u00f9 importante del calendario della prossima stagione invernale. <em>Siamo al lavoro e in piena sintonia con il Comitato Organizzatore per garantire il miglior risultato agli atleti che gareggeranno sulle nostre piste, tracciati e palazzetti dello sport. Staremo particolarmente attenti ai dettagli, <\/em>ha sottolineato Mestroni<em>, per dimostrare, anche in questa circostanza, che siamo all\u2019altezza di ospitare grandi eventi sportivi internazionali. Non \u00e8 un caso che, da anni, i campioni degli sport invernali scelgono la nostra regione per allenamenti e ritiri.<\/em><\/p>\n<p>Il direttore generale Eyof 2023, <strong>Giorgio Kaidisch<\/strong> ha presentato il piano organizzativo dell\u2019evento che vedr\u00e0 protagonista tutta la regione. <em>Ad oggi abbiamo iscritte 47 delegazioni delle 50 facenti parte dell\u2019associazione dei Comitati Olimpici Europei, con oltre 2000 partecipanti che saranno coinvolti nelle 14 discipline che si svolgeranno in 12 sedi regionali. Questo dato<\/em>, ha affermato Kaidisch<em>, rappresenta un record per la 16\u00b0 edizione invernale del Festival Olimpico della Giovent\u00f9 Europea<\/em>. Il direttore generale, durante la sua illustrazione del progetto, si \u00e8 voluto soffermare sul fatto che le risorse umane e staff, su decisione e volont\u00e0 dello stesso Comitato Organizzatore, sono tutte made in FVG.<\/p>\n<p>All\u2019incontro \u00e8 intervenuto anche l\u2019ing. <strong>Claudio Degano<\/strong> della direzione centrale infrastrutture e territorio del Friuli Venezia Giulia che ha illustrato gli interventi messi in atto da parte della regione in ambito Eyof 2023, su 5 poli, attraverso una convenzione con i Comuni di riferimento. A Tarvisio, all\u2019arena del fondo, \u00e8 in atto la costruzione di una nuova sala stampa con area servizi che si sviluppa su due piani per 415 metri quadrati. A Sappada i lavori riguardano l\u2019ampliamento di un immobile strategico che sorge nella zona degli impianti sportivi e del tracciato della pista di sci di fondo. Sar\u00e0 organizzato su tre livelli, tenendo conto del contesto ambientale e sar\u00e0 perfettamente funzionale alle esigenze di sportivi, atleti e turisti. Nel 2021 si \u00e8 provveduto invece all\u2019adeguamento delle piste esistenti per poter organizzare, nel prossimo futuro, gare internazionali di livello. A Pontebba il Pala \u201cVuerich\u201d subir\u00e0 degli interventi di ammodernamento ed efficienza per renderlo pi\u00f9 moderno ed accogliente. In primis verr\u00e0 sostituita la balaustra al lato della piastra di ghiaccio (ormai non pi\u00f9 a norma). Poi si lavorer\u00e0 sulla deumidificazione e riscaldamento, grazie a un nuovo impianto, con l\u2019adeguamento soprattutto nell\u2019ambito dell\u2019aspirazione fumi. In questo modo, verr\u00e0 superato il problema della nebbia e del freddo umido. Ulteriori interventi riguardano il miglioramento acustico della struttura, la sostituzione delle luci dello stadio con proiettori al led, nell\u2019ottica del risparmio energetico, oltre a nuove tinteggiature, arredi e attrezzature. A Forni Avoltri alla Carnia Arena, centro federale del biathlon, i cantieri riguardano l\u2019ammodernamento e l\u2019ampliamento della struttura secondo gli standard internazionali tra cui anche la realizzazione di 38 box per la sciolinatura. Accanto a ci\u00f2 va ricordato che il Dipartimento per lo Sport ha ammesso il progetto del Centro Federale \u201cCarnia Arena\u201d di Forni Avoltri tra quelli che potranno beneficiare dei fondi stanziati dal PNRR. Un impianto che sar\u00e0 dunque rigenerato e completato nelle opere e nelle strutture per diventare un moderno punto di riferimento per gli sport nordici in Friuli. A Claut il palaghiaccio \u201cAlceo Della Valentina\u201d che ospiter\u00e0 le competizioni del curling, subir\u00e0 una serie di lavori di ammodernamento e manutenzione. Gli interventi riguarderanno il tetto, l\u2019impianto elettrico, una nuova centrale termica e un efficace e moderno sistema di deumidificazione.<\/p>\n<p>&nbsp;<\/p>\n","protected":false},"excerpt":{"rendered":"<p>L\u2019appuntamento \u00e8 stato inserito all\u2019interno del calendario del tour che si sta svolgendo in questo periodo per promuovere le varie sedi di gara dei giochi<\/p>\n","protected":false},"author":4,"featured_media":90191,"comment_status":"closed","ping_status":"closed","sticky":false,"template":"","format":"standard","meta":{"_acf_changed":false,"footnotes":""},"categories":[24,10],"tags":[],"acf":[],"_links":{"self":[{"href":"https:\/\/comitati.fisi.org\/friuli-venezia-giulia\/wp-json\/wp\/v2\/posts\/90190"}],"collection":[{"href":"https:\/\/comitati.fisi.org\/friuli-venezia-giulia\/wp-json\/wp\/v2\/posts"}],"about":[{"href":"https:\/\/comitati.fisi.org\/friuli-venezia-giulia\/wp-json\/wp\/v2\/types\/post"}],"author":[{"embeddable":true,"href":"https:\/\/comitati.fisi.org\/friuli-venezia-giulia\/wp-json\/wp\/v2\/users\/4"}],"replies":[{"embeddable":true,"href":"https:\/\/comitati.fisi.org\/friuli-venezia-giulia\/wp-json\/wp\/v2\/comments?post=90190"}],"version-history":[{"count":0,"href":"https:\/\/comitati.fisi.org\/friuli-venezia-giulia\/wp-json\/wp\/v2\/posts\/90190\/revisions"}],"wp:featuredmedia":[{"embeddable":true,"href":"https:\/\/comitati.fisi.org\/friuli-venezia-giulia\/wp-json\/wp\/v2\/media\/90191"}],"wp:attachment":[{"href":"https:\/\/comitati.fisi.org\/friuli-venezia-giulia\/wp-json\/wp\/v2\/media?parent=90190"}],"wp:term":[{"taxonomy":"category","embeddable":true,"href":"https:\/\/comitati.fisi.org\/friuli-venezia-giulia\/wp-json\/wp\/v2\/categories?post=90190"},{"taxonomy":"post_tag","embeddable":true,"href":"https:\/\/comitati.fisi.org\/friuli-venezia-giulia\/wp-json\/wp\/v2\/tags?post=90190"}],"curies":[{"name":"wp","href":"https:\/\/api.w.org\/{rel}","templated":true}]}}