{"id":90110,"date":"2022-08-16T09:33:41","date_gmt":"2022-08-16T07:33:41","guid":{"rendered":"https:\/\/www.fisifvg.org\/?p=90110"},"modified":"2022-08-16T09:33:41","modified_gmt":"2022-08-16T07:33:41","slug":"daniele-fauner-e-daniele-cappellari-al-lavoro-per-nove-giorni-a-anterselva","status":"publish","type":"post","link":"https:\/\/comitati.fisi.org\/friuli-venezia-giulia\/blog\/2022\/08\/16\/daniele-fauner-e-daniele-cappellari-al-lavoro-per-nove-giorni-a-anterselva\/","title":{"rendered":"Daniele Fauner e Daniele Cappellari si allenano per nove giorni a Anterselva"},"content":{"rendered":"<p>Il direttore tecnico Klaus Hollrigl ha scelto Anterselva come sede per dieci giorni circa di ritiro delle squadre maschili Elite e Mi-Co 2026 di biathlon, con le quali sar\u00e0 presente anche Dorothea Wierer. Gli atleti azzurri si alleneranno nella localit\u00e0 altoatesina, in modo da pianificare al meglio l\u2019inizio della stagione, con un ritiro che prender\u00e0 il via mercoled\u00ec 17 e si concluder\u00e0 venerd\u00ec 26 agosto.<\/p>\n<p>Saranno presenti \u2013 oltre alla gi\u00e0 citata Wierer \u2013 l\u2019altro membro della squadra Elite Lukas Hofer, assieme a Didier Bionaz, Patrick Braunhofer, Cedric Christille,<strong> Daniele Fauner,<\/strong> Tommaso Giacomel, Michele Molinari, David Zingerle, <strong>Daniele Cappellari<\/strong> e Iacopo Leonesio.<\/p>\n<p>Il gruppo sar\u00e0 sotto la supervisione tecnica di Fabio Cianciana, Andrea Zattoni,<strong> Daniele Piller Roner<\/strong>, Andrea Delvai, Alexander Inderst e Riccardo Romani.<\/p>\n<p><em><strong>(nella foto Daniele Fauner)<\/strong><\/em><\/p>\n<p>&nbsp;<\/p>\n","protected":false},"excerpt":{"rendered":"<p>Il raduno delle squadre nazionali maschili di biathlon prender\u00e0 il via mercoled\u00ec 17<\/p>\n","protected":false},"author":4,"featured_media":70446,"comment_status":"closed","ping_status":"closed","sticky":false,"template":"","format":"standard","meta":{"_acf_changed":false,"footnotes":""},"categories":[13,10],"tags":[],"acf":[],"_links":{"self":[{"href":"https:\/\/comitati.fisi.org\/friuli-venezia-giulia\/wp-json\/wp\/v2\/posts\/90110"}],"collection":[{"href":"https:\/\/comitati.fisi.org\/friuli-venezia-giulia\/wp-json\/wp\/v2\/posts"}],"about":[{"href":"https:\/\/comitati.fisi.org\/friuli-venezia-giulia\/wp-json\/wp\/v2\/types\/post"}],"author":[{"embeddable":true,"href":"https:\/\/comitati.fisi.org\/friuli-venezia-giulia\/wp-json\/wp\/v2\/users\/4"}],"replies":[{"embeddable":true,"href":"https:\/\/comitati.fisi.org\/friuli-venezia-giulia\/wp-json\/wp\/v2\/comments?post=90110"}],"version-history":[{"count":0,"href":"https:\/\/comitati.fisi.org\/friuli-venezia-giulia\/wp-json\/wp\/v2\/posts\/90110\/revisions"}],"wp:featuredmedia":[{"embeddable":true,"href":"https:\/\/comitati.fisi.org\/friuli-venezia-giulia\/wp-json\/wp\/v2\/media\/70446"}],"wp:attachment":[{"href":"https:\/\/comitati.fisi.org\/friuli-venezia-giulia\/wp-json\/wp\/v2\/media?parent=90110"}],"wp:term":[{"taxonomy":"category","embeddable":true,"href":"https:\/\/comitati.fisi.org\/friuli-venezia-giulia\/wp-json\/wp\/v2\/categories?post=90110"},{"taxonomy":"post_tag","embeddable":true,"href":"https:\/\/comitati.fisi.org\/friuli-venezia-giulia\/wp-json\/wp\/v2\/tags?post=90110"}],"curies":[{"name":"wp","href":"https:\/\/api.w.org\/{rel}","templated":true}]}}