{"id":89973,"date":"2022-08-06T08:53:20","date_gmt":"2022-08-06T06:53:20","guid":{"rendered":"https:\/\/www.fisifvg.org\/?p=89973"},"modified":"2022-08-06T08:53:20","modified_gmt":"2022-08-06T06:53:20","slug":"graz-14-nella-mass-start-del-blinkenfestivalen-di-skiroll-2-pellegrino","status":"publish","type":"post","link":"https:\/\/comitati.fisi.org\/friuli-venezia-giulia\/blog\/2022\/08\/06\/graz-14-nella-mass-start-del-blinkenfestivalen-di-skiroll-2-pellegrino\/","title":{"rendered":"Graz 14\u00b0 nella mass start del BlinkenFestivalen di skiroll, 2\u00b0 Pellegrino"},"content":{"rendered":"<p>Federico Pellegrino ha conquistato il primo podio per l\u2019Italia nella 15km mass start di skiroll del BlinkenFestivalen, in Norvegia. Il poliziotto di Nus \u00e8 stato battuto di un soffio nella volata finale da Arnaud Chautemps.<\/p>\n<p>La Francia \u00e8 stata protagonista con tanti atleti nelle posizioni di vertice, ma Pellegrino \u00e8 stato bravo a guadagnare posizioni riuscendo cos\u00ec a prendersi il podio, sfiorando addirittura il successo, andato a Chautemps per appena due decimi.<br \/>\nIn terza posizione ha concluso un altro francese, Renaud Jay, anch\u2019egli con un distacco sotto al secondo.<\/p>\n<p>A un passo dalla top ten ha concluso un buonissimo Matteo Tanel. Lo skirollista azzurro si \u00e8 piazzato infatti 11\u00b0 a 3\u201d6 dal vincitore e pu\u00f2 essere certamente fiero di ci\u00f2 che ha fatto in un parco partenti di livello assoluto. Discreta prova di <strong>Davide Graz <em>(nella foto<\/em>),<\/strong> che ha concluso 14\u00b0 a 4\u201d dalla vetta, restando sempre nella parte alta del gruppo. Ventiquattresima\u00a0posizione finale per l\u2019altro italiano in gara, Francesco De Fabiani, staccato di 7\u201d1.<\/p>\n<p><em><strong>(foto d&#8217;archivio)<\/strong><\/em><\/p>\n<p>&nbsp;<\/p>\n","protected":false},"excerpt":{"rendered":"<p>Prosegue la classica manifestazione norvegese<\/p>\n","protected":false},"author":4,"featured_media":59685,"comment_status":"closed","ping_status":"closed","sticky":false,"template":"","format":"standard","meta":{"_acf_changed":false,"footnotes":""},"categories":[10,11,23],"tags":[],"acf":[],"_links":{"self":[{"href":"https:\/\/comitati.fisi.org\/friuli-venezia-giulia\/wp-json\/wp\/v2\/posts\/89973"}],"collection":[{"href":"https:\/\/comitati.fisi.org\/friuli-venezia-giulia\/wp-json\/wp\/v2\/posts"}],"about":[{"href":"https:\/\/comitati.fisi.org\/friuli-venezia-giulia\/wp-json\/wp\/v2\/types\/post"}],"author":[{"embeddable":true,"href":"https:\/\/comitati.fisi.org\/friuli-venezia-giulia\/wp-json\/wp\/v2\/users\/4"}],"replies":[{"embeddable":true,"href":"https:\/\/comitati.fisi.org\/friuli-venezia-giulia\/wp-json\/wp\/v2\/comments?post=89973"}],"version-history":[{"count":0,"href":"https:\/\/comitati.fisi.org\/friuli-venezia-giulia\/wp-json\/wp\/v2\/posts\/89973\/revisions"}],"wp:featuredmedia":[{"embeddable":true,"href":"https:\/\/comitati.fisi.org\/friuli-venezia-giulia\/wp-json\/wp\/v2\/media\/59685"}],"wp:attachment":[{"href":"https:\/\/comitati.fisi.org\/friuli-venezia-giulia\/wp-json\/wp\/v2\/media?parent=89973"}],"wp:term":[{"taxonomy":"category","embeddable":true,"href":"https:\/\/comitati.fisi.org\/friuli-venezia-giulia\/wp-json\/wp\/v2\/categories?post=89973"},{"taxonomy":"post_tag","embeddable":true,"href":"https:\/\/comitati.fisi.org\/friuli-venezia-giulia\/wp-json\/wp\/v2\/tags?post=89973"}],"curies":[{"name":"wp","href":"https:\/\/api.w.org\/{rel}","templated":true}]}}