{"id":89952,"date":"2022-08-03T08:55:00","date_gmt":"2022-08-03T06:55:00","guid":{"rendered":"https:\/\/www.fisifvg.org\/?p=89952"},"modified":"2022-08-03T08:55:00","modified_gmt":"2022-08-03T06:55:00","slug":"damiano-matiz-confermato-alla-guida-dellunione-sportiva-camporosso","status":"publish","type":"post","link":"https:\/\/comitati.fisi.org\/friuli-venezia-giulia\/blog\/2022\/08\/03\/damiano-matiz-confermato-alla-guida-dellunione-sportiva-camporosso\/","title":{"rendered":"Damiano Matiz confermato alla guida dell&#8217;Unione Sportiva Camporosso"},"content":{"rendered":"<p><strong><em>Riceviamo e volentieri pubblichiamo.<\/p>\n<p><\/em><\/strong>Sar\u00e0 ancora Damiano Matiz a guidare l&#8217;Unione Sportiva Camporosso. La sua conferma \u00e8 avvenuta nel corso dell&#8217;ultima assemblea dei soci che ha voluto esprimere cos\u00ec la volont\u00e0 di proseguire un percorso iniziato nel triennio precedente. Una scelta all&#8217;insegna della continuit\u00e0, che permetter\u00e0 quindi di procedere con quanto di buono \u00e8 stato fatto, seppur in un periodo in cui le difficolt\u00e0 legate alla pandemia non hanno di certo facilitato le cose.<\/p>\n<p>Le votazioni hanno portato anche a un parziale rinnovo del direttivo con l&#8217;inserimento di alcuni giovani consiglieri, scelta dettata principalmente da un ricambio generazionale.<\/p>\n<p>\u00abLa volont\u00e0 \u00e8 quella di proseguire sulla linea data nel precedente mandato &#8211; sono le parole di Damiano Matiz -, all&#8217;insegna di un sodalizio non votato solo ed esclusivamente allo sci o all&#8217;agonismo esasperato, ma che faccia dell&#8217;aspetto sportivo e soprattutto sociale il suo credo. In particolare proseguiremo nella volont\u00e0 di dare sempre maggior attenzione alle attivit\u00e0 finalizzate alle nuove generazioni che sono vera linfa vitale per quelle societ\u00e0 che puntano a mantenere vivo lo spirito di gruppo e una storia associativa fatta di tradizioni\u00bb.<\/p>\n<p>L&#8217;Unione Sportiva Camporosso, infatti, oltre ai due fiori all&#8217;occhiello che sono rappresentati dalla Fiaccolata del Monte Lussari, la pi\u00f9 lunga in costume delle Alpi che quest&#8217;anno festegger\u00e0 la sua cinquantesima edizione e dalla decennale esperienza nell&#8217;organizzazione di gare di Coppa Europa di sci alpino, pu\u00f2 vantare anche altri innumerevoli impegni tra i quali il centro di animazione sportiva &#8220;E&#8230;state in movimento&#8221; che proseguir\u00e0 fino alla fine di agosto o le attivit\u00e0 dedicate alla promozione dello sci alpino come, ad esempio, i corsi dedicati a bambini e principianti.<\/p>\n<p>Ad affiancare Damiano Matiz ci saranno anche Alda Sima (vicepresidente), Mara Pesamosca (segretaria), Davide Dal Santo, Mojca Gerdol, Giacomo Negroni, Gianni Pappalardo, Claudio Sorato ed Enrico Toniutti.<\/p>\n<p><em><strong>(nella foto il nuovo direttivo)<\/strong><\/em><\/p>\n<p>&nbsp;<\/p>\n","protected":false},"excerpt":{"rendered":"<p>Le votazioni hanno portato anche a un parziale rinnovo del direttivo, con l&#8217;inserimento di alcuni giovani consiglieri<\/p>\n","protected":false},"author":4,"featured_media":89953,"comment_status":"closed","ping_status":"closed","sticky":false,"template":"","format":"standard","meta":{"_acf_changed":false,"footnotes":""},"categories":[10,17],"tags":[],"acf":[],"_links":{"self":[{"href":"https:\/\/comitati.fisi.org\/friuli-venezia-giulia\/wp-json\/wp\/v2\/posts\/89952"}],"collection":[{"href":"https:\/\/comitati.fisi.org\/friuli-venezia-giulia\/wp-json\/wp\/v2\/posts"}],"about":[{"href":"https:\/\/comitati.fisi.org\/friuli-venezia-giulia\/wp-json\/wp\/v2\/types\/post"}],"author":[{"embeddable":true,"href":"https:\/\/comitati.fisi.org\/friuli-venezia-giulia\/wp-json\/wp\/v2\/users\/4"}],"replies":[{"embeddable":true,"href":"https:\/\/comitati.fisi.org\/friuli-venezia-giulia\/wp-json\/wp\/v2\/comments?post=89952"}],"version-history":[{"count":0,"href":"https:\/\/comitati.fisi.org\/friuli-venezia-giulia\/wp-json\/wp\/v2\/posts\/89952\/revisions"}],"wp:featuredmedia":[{"embeddable":true,"href":"https:\/\/comitati.fisi.org\/friuli-venezia-giulia\/wp-json\/wp\/v2\/media\/89953"}],"wp:attachment":[{"href":"https:\/\/comitati.fisi.org\/friuli-venezia-giulia\/wp-json\/wp\/v2\/media?parent=89952"}],"wp:term":[{"taxonomy":"category","embeddable":true,"href":"https:\/\/comitati.fisi.org\/friuli-venezia-giulia\/wp-json\/wp\/v2\/categories?post=89952"},{"taxonomy":"post_tag","embeddable":true,"href":"https:\/\/comitati.fisi.org\/friuli-venezia-giulia\/wp-json\/wp\/v2\/tags?post=89952"}],"curies":[{"name":"wp","href":"https:\/\/api.w.org\/{rel}","templated":true}]}}