{"id":89846,"date":"2022-07-23T12:53:48","date_gmt":"2022-07-23T10:53:48","guid":{"rendered":"https:\/\/www.fisifvg.org\/?p=89846"},"modified":"2022-07-23T12:53:48","modified_gmt":"2022-07-23T10:53:48","slug":"astrid-plosch-sara-e-ilaria-scattolo-al-lavoro-in-valle-daosta","status":"publish","type":"post","link":"https:\/\/comitati.fisi.org\/friuli-venezia-giulia\/blog\/2022\/07\/23\/astrid-plosch-sara-e-ilaria-scattolo-al-lavoro-in-valle-daosta\/","title":{"rendered":"Astrid Pl\u00f6sch, Sara e Ilaria Scattolo al lavoro in Valle d&#8217;Aosta"},"content":{"rendered":"<p>Il direttore tecnico Klaus Hollrigl ha scelto la localit\u00e0 valdostana di Bionaz, per il terzo raduno collegiale delle squadre maschili e femminili juniores-giovani di biathlon. I ragazzi e le ragazze azzurre si alleneranno per una settimana, da luned\u00ec 25 luglio a luned\u00ec 1 agosto, per preparare al meglio la nuova stagione agonistica.<\/p>\n<p>Le ragazze vedranno la presenza di Gaia Brunetto, <strong>Astrid Pl\u00f6sch, le sorelle Sara e Ilaria Scattolo<\/strong> e Martina Trabucchi. Tra gli uomini, convocati Marco Varale, Nicol\u00f2 Betemps, Elia Zeni, Christoph Pircher e Felix Ratschiller. Lo staff tecnico che seguir\u00e0 gli azzurrini durante tuta la settimana sar\u00e0 composto da <strong>Francesco Semenzato<\/strong>, Samantha Plafoni, Saverio Zini, Pietro Dutto e Aline Noro.<\/p>\n<p><em><strong>(nella foto Ilaria Scattolo)<\/strong><\/em><\/p>\n<p>&nbsp;<\/p>\n","protected":false},"excerpt":{"rendered":"<p>Terzo raduno collegiale per le squadre nazionali Juniores-Giovani di biathlon<\/p>\n","protected":false},"author":4,"featured_media":86516,"comment_status":"closed","ping_status":"closed","sticky":false,"template":"","format":"standard","meta":{"_acf_changed":false,"footnotes":""},"categories":[13,10],"tags":[],"acf":[],"_links":{"self":[{"href":"https:\/\/comitati.fisi.org\/friuli-venezia-giulia\/wp-json\/wp\/v2\/posts\/89846"}],"collection":[{"href":"https:\/\/comitati.fisi.org\/friuli-venezia-giulia\/wp-json\/wp\/v2\/posts"}],"about":[{"href":"https:\/\/comitati.fisi.org\/friuli-venezia-giulia\/wp-json\/wp\/v2\/types\/post"}],"author":[{"embeddable":true,"href":"https:\/\/comitati.fisi.org\/friuli-venezia-giulia\/wp-json\/wp\/v2\/users\/4"}],"replies":[{"embeddable":true,"href":"https:\/\/comitati.fisi.org\/friuli-venezia-giulia\/wp-json\/wp\/v2\/comments?post=89846"}],"version-history":[{"count":0,"href":"https:\/\/comitati.fisi.org\/friuli-venezia-giulia\/wp-json\/wp\/v2\/posts\/89846\/revisions"}],"wp:featuredmedia":[{"embeddable":true,"href":"https:\/\/comitati.fisi.org\/friuli-venezia-giulia\/wp-json\/wp\/v2\/media\/86516"}],"wp:attachment":[{"href":"https:\/\/comitati.fisi.org\/friuli-venezia-giulia\/wp-json\/wp\/v2\/media?parent=89846"}],"wp:term":[{"taxonomy":"category","embeddable":true,"href":"https:\/\/comitati.fisi.org\/friuli-venezia-giulia\/wp-json\/wp\/v2\/categories?post=89846"},{"taxonomy":"post_tag","embeddable":true,"href":"https:\/\/comitati.fisi.org\/friuli-venezia-giulia\/wp-json\/wp\/v2\/tags?post=89846"}],"curies":[{"name":"wp","href":"https:\/\/api.w.org\/{rel}","templated":true}]}}