{"id":89844,"date":"2022-07-22T11:05:01","date_gmt":"2022-07-22T09:05:01","guid":{"rendered":"https:\/\/www.fisifvg.org\/?p=89844"},"modified":"2022-07-22T11:05:01","modified_gmt":"2022-07-22T09:05:01","slug":"per-mara-martini-un-raduno-in-azzurro-ad-auronzo-di-cadore","status":"publish","type":"post","link":"https:\/\/comitati.fisi.org\/friuli-venezia-giulia\/blog\/2022\/07\/22\/per-mara-martini-un-raduno-in-azzurro-ad-auronzo-di-cadore\/","title":{"rendered":"Per Mara Martini un raduno in azzurro ad Auronzo di Cadore"},"content":{"rendered":"<div class=\"txt line-height-medium mb-5 news-content\">\n<p>Il direttore tecnico Fabio Meraldi ha sciolto le riserve sul secondo raduno stagionale per la squadra nazionale senior e U23 \u2013 maschile e femminile \u2013 di scialpinismo, che si terr\u00e0 ad Auronzo di Cadore. Nella localit\u00e0 veneta gli specialisti azzurri della disciplina, saranno impegnati negli allenamenti per una settimana, da luned\u00ec 25 a venerd\u00ec 29 luglio.<\/p>\n<p>Saranno presenti Robert Antonioli, Matteo Eydallin, Michele Boscacci, Nicol\u00f2 Canclini, Nadir Maguet, Davide Magnini, Giovanni Rossi, Alba De Silvestro, <strong>Mara Martini<\/strong> (<em><strong>nella foto<\/strong><\/em>), Ilaria Veronese, Giulia Murada, Rocco Baldini, Pietro Festini Purlan, Giovanni Rossi, Federico Nicolini, Alex Oberbacher Alessandro Rossi, Matteo Sostizzo, Marco Salvadori, Luca Tomasoni, Silvia Berra, Samantha Bertolina, Lisa Moreschini e Katia Mascherona.<\/p>\n<p>Gli atleti saranno seguiti dai tecnici Roberto Mattioli, Denis Trento, Manfred Reichegger, Luigino Boccolini, Davide Canclini, Laura Bettega e Davide Catti.<\/p>\n<\/div>\n","protected":false},"excerpt":{"rendered":"<p>Nella localit\u00e0 veneta gli specialisti azzurri della disciplina saranno impegnati negli allenamenti per una settimana<\/p>\n","protected":false},"author":4,"featured_media":76258,"comment_status":"closed","ping_status":"closed","sticky":false,"template":"","format":"standard","meta":{"_acf_changed":false,"footnotes":""},"categories":[10,19],"tags":[],"acf":[],"_links":{"self":[{"href":"https:\/\/comitati.fisi.org\/friuli-venezia-giulia\/wp-json\/wp\/v2\/posts\/89844"}],"collection":[{"href":"https:\/\/comitati.fisi.org\/friuli-venezia-giulia\/wp-json\/wp\/v2\/posts"}],"about":[{"href":"https:\/\/comitati.fisi.org\/friuli-venezia-giulia\/wp-json\/wp\/v2\/types\/post"}],"author":[{"embeddable":true,"href":"https:\/\/comitati.fisi.org\/friuli-venezia-giulia\/wp-json\/wp\/v2\/users\/4"}],"replies":[{"embeddable":true,"href":"https:\/\/comitati.fisi.org\/friuli-venezia-giulia\/wp-json\/wp\/v2\/comments?post=89844"}],"version-history":[{"count":0,"href":"https:\/\/comitati.fisi.org\/friuli-venezia-giulia\/wp-json\/wp\/v2\/posts\/89844\/revisions"}],"wp:featuredmedia":[{"embeddable":true,"href":"https:\/\/comitati.fisi.org\/friuli-venezia-giulia\/wp-json\/wp\/v2\/media\/76258"}],"wp:attachment":[{"href":"https:\/\/comitati.fisi.org\/friuli-venezia-giulia\/wp-json\/wp\/v2\/media?parent=89844"}],"wp:term":[{"taxonomy":"category","embeddable":true,"href":"https:\/\/comitati.fisi.org\/friuli-venezia-giulia\/wp-json\/wp\/v2\/categories?post=89844"},{"taxonomy":"post_tag","embeddable":true,"href":"https:\/\/comitati.fisi.org\/friuli-venezia-giulia\/wp-json\/wp\/v2\/tags?post=89844"}],"curies":[{"name":"wp","href":"https:\/\/api.w.org\/{rel}","templated":true}]}}