{"id":89837,"date":"2022-07-21T11:01:11","date_gmt":"2022-07-21T09:01:11","guid":{"rendered":"https:\/\/www.fisifvg.org\/?p=89837"},"modified":"2022-07-21T11:01:11","modified_gmt":"2022-07-21T09:01:11","slug":"la-delegazione-di-eyof-2023-in-slovacchia-per-ledizione-estiva-del-festival","status":"publish","type":"post","link":"https:\/\/comitati.fisi.org\/friuli-venezia-giulia\/blog\/2022\/07\/21\/la-delegazione-di-eyof-2023-in-slovacchia-per-ledizione-estiva-del-festival\/","title":{"rendered":"La delegazione di EYOF 2023 in Slovacchia per l&#8217;edizione estiva del Festival"},"content":{"rendered":"<p>La delegazione di EYOF FVG 2023 \u00e8 pronta per la trasferta in Slovacchia, dove si svolger\u00e0 il Festival Olimpico Estivo Europeo della Giovent\u00f9 2022 (24-30 luglio).<\/p>\n<p>Il presidente e vicepresidente, rispettivamente Maurizio Dunnhofer e Giorgio Brandolin, parteciperanno, insieme ad altri membri del Comitato organizzatore di EYOF FVG 2023, alla cerimonia di apertura prevista domenica 24.<\/p>\n<p>In terra slovacca la delegazione regionale si dedicher\u00e0 anche ad alcuni incontri tecnici e istituzionali inerenti l&#8217;appuntamento di gennaio 2023 in Friuli Venezia Giulia con l&#8217;edizione invernale dei giochi, il pi\u00f9 grande evento multi sport per i giovani d\u2019Europa.<\/p>\n<p><em><strong>(nella foto il presidente <span class=\"nc684nl6\">Maurizio Dunnhofer<\/span> insieme al direttore generale <span class=\"nc684nl6\">Giorgio Kaidisch<\/span> e al responsabile protocollo e cerimonie Francesco Comotti)<\/strong><\/em><\/p>\n<div dir=\"auto\"><\/div>\n","protected":false},"excerpt":{"rendered":"<p>Il presidente e vicepresidente, rispettivamente Maurizio Dunnhofer e Giorgio Brandolin, parteciperanno, insieme ad altri membri del Comitato organizzatore, alla cerimonia di apertura<\/p>\n","protected":false},"author":4,"featured_media":89838,"comment_status":"closed","ping_status":"closed","sticky":false,"template":"","format":"standard","meta":{"_acf_changed":false,"footnotes":""},"categories":[24,10],"tags":[],"acf":[],"_links":{"self":[{"href":"https:\/\/comitati.fisi.org\/friuli-venezia-giulia\/wp-json\/wp\/v2\/posts\/89837"}],"collection":[{"href":"https:\/\/comitati.fisi.org\/friuli-venezia-giulia\/wp-json\/wp\/v2\/posts"}],"about":[{"href":"https:\/\/comitati.fisi.org\/friuli-venezia-giulia\/wp-json\/wp\/v2\/types\/post"}],"author":[{"embeddable":true,"href":"https:\/\/comitati.fisi.org\/friuli-venezia-giulia\/wp-json\/wp\/v2\/users\/4"}],"replies":[{"embeddable":true,"href":"https:\/\/comitati.fisi.org\/friuli-venezia-giulia\/wp-json\/wp\/v2\/comments?post=89837"}],"version-history":[{"count":0,"href":"https:\/\/comitati.fisi.org\/friuli-venezia-giulia\/wp-json\/wp\/v2\/posts\/89837\/revisions"}],"wp:featuredmedia":[{"embeddable":true,"href":"https:\/\/comitati.fisi.org\/friuli-venezia-giulia\/wp-json\/wp\/v2\/media\/89838"}],"wp:attachment":[{"href":"https:\/\/comitati.fisi.org\/friuli-venezia-giulia\/wp-json\/wp\/v2\/media?parent=89837"}],"wp:term":[{"taxonomy":"category","embeddable":true,"href":"https:\/\/comitati.fisi.org\/friuli-venezia-giulia\/wp-json\/wp\/v2\/categories?post=89837"},{"taxonomy":"post_tag","embeddable":true,"href":"https:\/\/comitati.fisi.org\/friuli-venezia-giulia\/wp-json\/wp\/v2\/tags?post=89837"}],"curies":[{"name":"wp","href":"https:\/\/api.w.org\/{rel}","templated":true}]}}